{"id":61169,"date":"2024-01-16T21:48:35","date_gmt":"2024-01-17T00:48:35","guid":{"rendered":"https:\/\/agendaparaguay.com\/v2\/?p=61169"},"modified":"2024-01-16T21:48:35","modified_gmt":"2024-01-17T00:48:35","slug":"caso-masacre-en-estancia-detienen-a-uno-de-los-presuntos-autores","status":"publish","type":"post","link":"https:\/\/agendaparaguay.com\/v2\/2024\/01\/16\/caso-masacre-en-estancia-detienen-a-uno-de-los-presuntos-autores\/","title":{"rendered":"Caso masacre en estancia: Detienen a uno de los presuntos autores"},"content":{"rendered":"<p style=\"text-align: justify;\">La polic\u00eda nacional inform\u00f3 que logr\u00f3 detener a uno de los presuntos autores de la masacre ocurrida en la estancia ubicada en Colonia Piky, Amambay.<!--more--><\/p>\n<p style=\"text-align: justify;\">En la oportunidad fueron ejecutadas seis personas, y los atacantes llegaron al establecimiento vestidos con uniformes camuflados, simulando ser agentes de la SENAD.<\/p>\n<p style=\"text-align: justify;\">El comisario Ignacio Mu\u00f1oz dijo en declaraciones a la 730 am que los detenidos ser\u00eda uno de los responsables de la masacre. Agreg\u00f3 que se lleg\u00f3 hasta \u00e9l luego de montar vigilancia.<\/p>\n<p style=\"text-align: justify;\">Dijo que del lugar incautaron evidencias y asegur\u00f3 que la b\u00fasqueda de los dem\u00e1s criminales contin\u00faa.<\/p>\n","protected":false},"excerpt":{"rendered":"<p>La polic\u00eda nacional inform\u00f3 que logr\u00f3 detener a uno de los presuntos autores de la masacre ocurrida en la estancia ubicada en Colonia Piky, Amambay.<\/p>\n","protected":false},"author":1,"featured_media":61170,"comment_status":"closed","ping_status":"open","sticky":false,"template":"","format":"standard","meta":{"sfsi_plus_gutenberg_text_before_share":"","sfsi_plus_gutenberg_show_text_before_share":"","sfsi_plus_gutenberg_icon_type":"","sfsi_plus_gutenberg_icon_alignemt":"","sfsi_plus_gutenburg_max_per_row":"","footnotes":"","_jetpack_memberships_contains_paid_content":false,"jetpack_publicize_message":"","jetpack_publicize_feature_enabled":true,"jetpack_social_post_already_shared":true,"jetpack_social_options":{"image_generator_settings":{"template":"highway","enabled":false},"version":2}},"categories":[5],"tags":[],"jetpack_publicize_connections":[],"jetpack_sharing_enabled":true,"jetpack_featured_media_url":"https:\/\/agendaparaguay.com\/v2\/wp-content\/uploads\/2024\/01\/evidencias_caso_masacre.png","_links":{"self":[{"href":"https:\/\/agendaparaguay.com\/v2\/wp-json\/wp\/v2\/posts\/61169"}],"collection":[{"href":"https:\/\/agendaparaguay.com\/v2\/wp-json\/wp\/v2\/posts"}],"about":[{"href":"https:\/\/agendaparaguay.com\/v2\/wp-json\/wp\/v2\/types\/post"}],"author":[{"embeddable":true,"href":"https:\/\/agendaparaguay.com\/v2\/wp-json\/wp\/v2\/users\/1"}],"replies":[{"embeddable":true,"href":"https:\/\/agendaparaguay.com\/v2\/wp-json\/wp\/v2\/comments?post=61169"}],"version-history":[{"count":1,"href":"https:\/\/agendaparaguay.com\/v2\/wp-json\/wp\/v2\/posts\/61169\/revisions"}],"predecessor-version":[{"id":61171,"href":"https:\/\/agendaparaguay.com\/v2\/wp-json\/wp\/v2\/posts\/61169\/revisions\/61171"}],"wp:featuredmedia":[{"embeddable":true,"href":"https:\/\/agendaparaguay.com\/v2\/wp-json\/wp\/v2\/media\/61170"}],"wp:attachment":[{"href":"https:\/\/agendaparaguay.com\/v2\/wp-json\/wp\/v2\/media?parent=61169"}],"wp:term":[{"taxonomy":"category","embeddable":true,"href":"https:\/\/agendaparaguay.com\/v2\/wp-json\/wp\/v2\/categories?post=61169"},{"taxonomy":"post_tag","embeddable":true,"href":"https:\/\/agendaparaguay.com\/v2\/wp-json\/wp\/v2\/tags?post=61169"}],"curies":[{"name":"wp","href":"https:\/\/api.w.org\/{rel}","templated":true}]}}