{"id":61329,"date":"2024-01-22T09:30:32","date_gmt":"2024-01-22T12:30:32","guid":{"rendered":"https:\/\/agendaparaguay.com\/v2\/?p=61329"},"modified":"2024-01-22T08:51:32","modified_gmt":"2024-01-22T11:51:32","slug":"abren-el-proyecto-de-escuelas-abiertas-vya-renda","status":"publish","type":"post","link":"https:\/\/agendaparaguay.com\/v2\/2024\/01\/22\/abren-el-proyecto-de-escuelas-abiertas-vya-renda\/","title":{"rendered":"Abren el proyecto de Escuelas Abiertas \u00abVy&#8217;a Renda\u00bb"},"content":{"rendered":"<p style=\"text-align: justify\">Esta ma\u00f1ana, el Ministerio de Educaci\u00f3n y Ciencias dio apertura oficial al proyecto Escuelas Abiertas \u00abVy&#8217;a Renda\u00bb en el marco del Plan de Acci\u00f3n SUMAR.<\/p>\n<p style=\"text-align: justify\"><!--more--><\/p>\n<p>&nbsp;<\/p>\n<p style=\"text-align: justify\">Este proyecto beneficiar\u00e1 a 10.500 estudiantes de entre 4 y 18 a\u00f1os del nivel inicial, Educaci\u00f3n Escolar B\u00e1sica, Tercer Ciclo y Educaci\u00f3n Media, con actividades deportivas, l\u00fadicas, art\u00edsticas y de lectoescritura en 150 instituciones educativas focalizadas de todo el pa\u00eds, con apoyo de la organizaci\u00f3n Olimpiadas Especiales, contribuyendo tambi\u00e9n en generar un contexto y un clima favorable para el arranque del a\u00f1o lectivo con estas actividades.<\/p>\n<p style=\"text-align: justify\">\n<p style=\"text-align: justify\">El proyecto citado se propone como objetivos garantizar el acceso a oportunidades educativas, incentivar la participaci\u00f3n e impulsar los principios y valores a trav\u00e9s de las competencias deportivas, el arte y la cultura: como el respeto, el orden y desarrollar talentos en diversas disciplinas deportivas.<\/p>\n<p style=\"text-align: justify\">\n<p style=\"text-align: justify\">Es importante mencionar que Escuelas abiertas \u00abVy&#8217;a Renda&#8217; es el inicio del eje de prevenci\u00f3n dentro del Plan Nacional SUMAR que unir\u00e1 a otras instituciones del estado a trav\u00e9s de un trabajo para promover el desarrollo de una comunidad que fomente la salud y el bienestar de sus integrantes.<\/p>\n","protected":false},"excerpt":{"rendered":"<p>Esta ma\u00f1ana, el Ministerio de Educaci\u00f3n y Ciencias dio apertura oficial al proyecto Escuelas Abiertas \u00abVy&#8217;a Renda\u00bb en el marco del Plan de Acci\u00f3n SUMAR.<\/p>\n","protected":false},"author":3,"featured_media":61330,"comment_status":"closed","ping_status":"open","sticky":false,"template":"","format":"standard","meta":{"sfsi_plus_gutenberg_text_before_share":"","sfsi_plus_gutenberg_show_text_before_share":"","sfsi_plus_gutenberg_icon_type":"","sfsi_plus_gutenberg_icon_alignemt":"","sfsi_plus_gutenburg_max_per_row":"","footnotes":"","_jetpack_memberships_contains_paid_content":false,"jetpack_publicize_message":"","jetpack_publicize_feature_enabled":true,"jetpack_social_post_already_shared":true,"jetpack_social_options":{"image_generator_settings":{"template":"highway","enabled":false},"version":2}},"categories":[5],"tags":[],"jetpack_publicize_connections":[],"jetpack_sharing_enabled":true,"jetpack_featured_media_url":"https:\/\/agendaparaguay.com\/v2\/wp-content\/uploads\/2024\/01\/escuela_vya_renda.jpg","_links":{"self":[{"href":"https:\/\/agendaparaguay.com\/v2\/wp-json\/wp\/v2\/posts\/61329"}],"collection":[{"href":"https:\/\/agendaparaguay.com\/v2\/wp-json\/wp\/v2\/posts"}],"about":[{"href":"https:\/\/agendaparaguay.com\/v2\/wp-json\/wp\/v2\/types\/post"}],"author":[{"embeddable":true,"href":"https:\/\/agendaparaguay.com\/v2\/wp-json\/wp\/v2\/users\/3"}],"replies":[{"embeddable":true,"href":"https:\/\/agendaparaguay.com\/v2\/wp-json\/wp\/v2\/comments?post=61329"}],"version-history":[{"count":1,"href":"https:\/\/agendaparaguay.com\/v2\/wp-json\/wp\/v2\/posts\/61329\/revisions"}],"predecessor-version":[{"id":61331,"href":"https:\/\/agendaparaguay.com\/v2\/wp-json\/wp\/v2\/posts\/61329\/revisions\/61331"}],"wp:featuredmedia":[{"embeddable":true,"href":"https:\/\/agendaparaguay.com\/v2\/wp-json\/wp\/v2\/media\/61330"}],"wp:attachment":[{"href":"https:\/\/agendaparaguay.com\/v2\/wp-json\/wp\/v2\/media?parent=61329"}],"wp:term":[{"taxonomy":"category","embeddable":true,"href":"https:\/\/agendaparaguay.com\/v2\/wp-json\/wp\/v2\/categories?post=61329"},{"taxonomy":"post_tag","embeddable":true,"href":"https:\/\/agendaparaguay.com\/v2\/wp-json\/wp\/v2\/tags?post=61329"}],"curies":[{"name":"wp","href":"https:\/\/api.w.org\/{rel}","templated":true}]}}