{"id":61334,"date":"2024-01-22T11:00:09","date_gmt":"2024-01-22T14:00:09","guid":{"rendered":"https:\/\/agendaparaguay.com\/v2\/?p=61334"},"modified":"2024-01-22T12:38:44","modified_gmt":"2024-01-22T15:38:44","slug":"el-oficialismo-liberal-inicia-reuniones-buscando-candidaturas-de-consenso-para-las-proximas-municipales","status":"publish","type":"post","link":"https:\/\/agendaparaguay.com\/v2\/2024\/01\/22\/el-oficialismo-liberal-inicia-reuniones-buscando-candidaturas-de-consenso-para-las-proximas-municipales\/","title":{"rendered":"El oficialismo liberal inicia reuniones buscando candidaturas de consenso para las pr\u00f3ximas municipales"},"content":{"rendered":"<p style=\"text-align: justify\">El presidente del partido Liberal, Hugo Fleitas, particip\u00f3 el fin de semana en Yby Ya\u00b4u, departamento de Concepci\u00f3n, de una reuni\u00f3n de dirigentes de varios distritos, con el objetivo de lograr la unidad en la mayor cantidad de municipios con miras a las municipales del 2026.<\/p>\n<p style=\"text-align: justify\"><!--more--><\/p>\n<p style=\"text-align: justify\">\n<p style=\"text-align: justify\">El principal reclamo de la dirigencia fue tomar medidas contra los parlamentarios tildados de \u00abvendidos\u00bb por su acercamiento al oficialismo partido Colorado y valoraron el acercamiento del presidente Fleitas a la dirigencia de base.<\/p>\n<p style=\"text-align: justify\">\n<p style=\"text-align: justify\">\u00abIniciamos el camino hacia las municipales del 2026 con un gran encuentro en la ciudad de Yby Ya\u2019u, Concepci\u00f3n\u00bb, resalt\u00f3 el titular del PLRA.<\/p>\n<p style=\"text-align: justify\">\n<p style=\"text-align: justify\">Fleitas resalt\u00f3 la presencia del diputado Emilio Pav\u00f3n, los intendentes, Vidal Arguello, (Yby Ya\u2019u) Jorge Centuri\u00f3n, (Horqueta), Dr. Sergio Ferreira, (Azote\u2019y), concejales, presidentes de comit\u00e9, y dirigentes de 5 distritos.<\/p>\n<p style=\"text-align: justify\">\n<p style=\"text-align: justify\">\u00abAnalizamos y debatimos la situaci\u00f3n partidaria y nacional, en la necesidad de la unidad, la b\u00fasqueda de consensos, pero sobre todo continuar con la lucha hist\u00f3rica del partido de mantener la l\u00ednea clara y firme de oposici\u00f3n al gobierno\u00bb indic\u00f3 Fleitas.<\/p>\n","protected":false},"excerpt":{"rendered":"<p>El presidente del partido Liberal, Hugo Fleitas, particip\u00f3 el fin de semana en Yby Ya\u00b4u, departamento de Concepci\u00f3n, de una reuni\u00f3n de dirigentes de varios distritos, con el objetivo de&hellip; <\/p>\n","protected":false},"author":3,"featured_media":61335,"comment_status":"closed","ping_status":"open","sticky":false,"template":"","format":"standard","meta":{"sfsi_plus_gutenberg_text_before_share":"","sfsi_plus_gutenberg_show_text_before_share":"","sfsi_plus_gutenberg_icon_type":"","sfsi_plus_gutenberg_icon_alignemt":"","sfsi_plus_gutenburg_max_per_row":"","footnotes":"","_jetpack_memberships_contains_paid_content":false,"jetpack_publicize_message":"","jetpack_publicize_feature_enabled":true,"jetpack_social_post_already_shared":true,"jetpack_social_options":{"image_generator_settings":{"template":"highway","enabled":false},"version":2}},"categories":[2],"tags":[],"jetpack_publicize_connections":[],"jetpack_sharing_enabled":true,"jetpack_featured_media_url":"https:\/\/agendaparaguay.com\/v2\/wp-content\/uploads\/2024\/01\/reunion_liberales.jpg","_links":{"self":[{"href":"https:\/\/agendaparaguay.com\/v2\/wp-json\/wp\/v2\/posts\/61334"}],"collection":[{"href":"https:\/\/agendaparaguay.com\/v2\/wp-json\/wp\/v2\/posts"}],"about":[{"href":"https:\/\/agendaparaguay.com\/v2\/wp-json\/wp\/v2\/types\/post"}],"author":[{"embeddable":true,"href":"https:\/\/agendaparaguay.com\/v2\/wp-json\/wp\/v2\/users\/3"}],"replies":[{"embeddable":true,"href":"https:\/\/agendaparaguay.com\/v2\/wp-json\/wp\/v2\/comments?post=61334"}],"version-history":[{"count":1,"href":"https:\/\/agendaparaguay.com\/v2\/wp-json\/wp\/v2\/posts\/61334\/revisions"}],"predecessor-version":[{"id":61336,"href":"https:\/\/agendaparaguay.com\/v2\/wp-json\/wp\/v2\/posts\/61334\/revisions\/61336"}],"wp:featuredmedia":[{"embeddable":true,"href":"https:\/\/agendaparaguay.com\/v2\/wp-json\/wp\/v2\/media\/61335"}],"wp:attachment":[{"href":"https:\/\/agendaparaguay.com\/v2\/wp-json\/wp\/v2\/media?parent=61334"}],"wp:term":[{"taxonomy":"category","embeddable":true,"href":"https:\/\/agendaparaguay.com\/v2\/wp-json\/wp\/v2\/categories?post=61334"},{"taxonomy":"post_tag","embeddable":true,"href":"https:\/\/agendaparaguay.com\/v2\/wp-json\/wp\/v2\/tags?post=61334"}],"curies":[{"name":"wp","href":"https:\/\/api.w.org\/{rel}","templated":true}]}}