{"id":61344,"date":"2024-01-22T13:00:59","date_gmt":"2024-01-22T16:00:59","guid":{"rendered":"https:\/\/agendaparaguay.com\/v2\/?p=61344"},"modified":"2024-01-22T12:38:58","modified_gmt":"2024-01-22T15:38:58","slug":"fiscalia-investiga-caida-de-avioneta-y-funcionamiento-de-pista-clandestina-en-canindeyu","status":"publish","type":"post","link":"https:\/\/agendaparaguay.com\/v2\/2024\/01\/22\/fiscalia-investiga-caida-de-avioneta-y-funcionamiento-de-pista-clandestina-en-canindeyu\/","title":{"rendered":"Fiscal\u00eda investiga ca\u00edda de avioneta y funcionamiento de pista clandestina en Canindey\u00fa"},"content":{"rendered":"<p style=\"text-align: justify\">El fiscal de Curuguaty, N\u00e9stor Narv\u00e1ez, inici\u00f3 las investigaciones para dilucidar las circunstancias de la ca\u00edda de una avioneta, registrada ayer en la zona conocida como Tavajopoi, en la colonia Nueva Durango, de la comunidad ind\u00edgena R\u00edo Verde.<\/p>\n<p style=\"text-align: justify\"><!--more--><\/p>\n<p>&nbsp;<\/p>\n<p style=\"text-align: justify\">El Ministerio P\u00fablico est\u00e1 investigando, adem\u00e1s, el funcionamiento de una pista clandestina en esa zona del Departamento de Canindey\u00fa.<\/p>\n<p style=\"text-align: justify\">\n<p style=\"text-align: justify\">Narv\u00e1ez se constituy\u00f3 en el lugar ante el informe de la Polic\u00eda Nacional sobre el hallazgo de una avioneta de color rojo con gris, en la que se pod\u00eda divisar dos letras de la matr\u00edcula (AC), nave que estaba totalmente incinerada.<\/p>\n<p style=\"text-align: justify\">\n<p style=\"text-align: justify\">El reporte policial se\u00f1al\u00f3 que no se observaron, a simple vista, restos humanos en el lugar, desconoci\u00e9ndose las circunstancias del hecho, dado que no hubo testigos presenciales.<\/p>\n<p style=\"text-align: justify\">\n<p style=\"text-align: justify\">En la jornada de hoy el representante del Ministerio P\u00fablico se apersonar\u00e1 nuevamente en el lugar con t\u00e9cnicos de la Direcci\u00f3n Nacional de Civil (Dinac).<\/p>\n","protected":false},"excerpt":{"rendered":"<p>El fiscal de Curuguaty, N\u00e9stor Narv\u00e1ez, inici\u00f3 las investigaciones para dilucidar las circunstancias de la ca\u00edda de una avioneta, registrada ayer en la zona conocida como Tavajopoi, en la colonia&hellip; <\/p>\n","protected":false},"author":3,"featured_media":61345,"comment_status":"closed","ping_status":"open","sticky":false,"template":"","format":"standard","meta":{"sfsi_plus_gutenberg_text_before_share":"","sfsi_plus_gutenberg_show_text_before_share":"","sfsi_plus_gutenberg_icon_type":"","sfsi_plus_gutenberg_icon_alignemt":"","sfsi_plus_gutenburg_max_per_row":"","footnotes":"","_jetpack_memberships_contains_paid_content":false,"jetpack_publicize_message":"","jetpack_publicize_feature_enabled":true,"jetpack_social_post_already_shared":true,"jetpack_social_options":{"image_generator_settings":{"template":"highway","enabled":false},"version":2}},"categories":[5],"tags":[],"jetpack_publicize_connections":[],"jetpack_sharing_enabled":true,"jetpack_featured_media_url":"https:\/\/agendaparaguay.com\/v2\/wp-content\/uploads\/2024\/01\/avioneta_calcinada.jpg","_links":{"self":[{"href":"https:\/\/agendaparaguay.com\/v2\/wp-json\/wp\/v2\/posts\/61344"}],"collection":[{"href":"https:\/\/agendaparaguay.com\/v2\/wp-json\/wp\/v2\/posts"}],"about":[{"href":"https:\/\/agendaparaguay.com\/v2\/wp-json\/wp\/v2\/types\/post"}],"author":[{"embeddable":true,"href":"https:\/\/agendaparaguay.com\/v2\/wp-json\/wp\/v2\/users\/3"}],"replies":[{"embeddable":true,"href":"https:\/\/agendaparaguay.com\/v2\/wp-json\/wp\/v2\/comments?post=61344"}],"version-history":[{"count":1,"href":"https:\/\/agendaparaguay.com\/v2\/wp-json\/wp\/v2\/posts\/61344\/revisions"}],"predecessor-version":[{"id":61346,"href":"https:\/\/agendaparaguay.com\/v2\/wp-json\/wp\/v2\/posts\/61344\/revisions\/61346"}],"wp:featuredmedia":[{"embeddable":true,"href":"https:\/\/agendaparaguay.com\/v2\/wp-json\/wp\/v2\/media\/61345"}],"wp:attachment":[{"href":"https:\/\/agendaparaguay.com\/v2\/wp-json\/wp\/v2\/media?parent=61344"}],"wp:term":[{"taxonomy":"category","embeddable":true,"href":"https:\/\/agendaparaguay.com\/v2\/wp-json\/wp\/v2\/categories?post=61344"},{"taxonomy":"post_tag","embeddable":true,"href":"https:\/\/agendaparaguay.com\/v2\/wp-json\/wp\/v2\/tags?post=61344"}],"curies":[{"name":"wp","href":"https:\/\/api.w.org\/{rel}","templated":true}]}}