{"id":61350,"date":"2024-01-22T14:20:09","date_gmt":"2024-01-22T17:20:09","guid":{"rendered":"https:\/\/agendaparaguay.com\/v2\/?p=61350"},"modified":"2024-01-22T21:46:35","modified_gmt":"2024-01-23T00:46:35","slug":"fiscalia-ordena-requisa-en-una-celda-del-penal-de-cereso-de-encarnacion","status":"publish","type":"post","link":"https:\/\/agendaparaguay.com\/v2\/2024\/01\/22\/fiscalia-ordena-requisa-en-una-celda-del-penal-de-cereso-de-encarnacion\/","title":{"rendered":"Fiscalia ordena requisa en una celda del penal de Cereso de Encarnaci\u00f3n"},"content":{"rendered":"<p style=\"text-align: justify\">El Ministerio de Justicia confirm\u00f3 que a las 06:15 de este lunes se realiz\u00f3 una requisa en la Penitenciar\u00eda Regional de Encarnaci\u00f3n \u2013Cereso, espec\u00edficamente en la celda n\u00famero 17, del Pabell\u00f3n B Alta, de la persona privada de libertad (PPL) Jonhy Gabriel Troche. El procedimiento fue realizado por agentes de la Polic\u00eda Nacional, agentes penitenciarios y el acompa\u00f1amiento de un agente fiscal, en prosecuci\u00f3n de una investigaci\u00f3n.<\/p>\n<p style=\"text-align: justify\">\n<p style=\"text-align: justify\">\n<p style=\"text-align: justify\">La mencionada PPL habr\u00eda realizado amenazas y encomendado un atentado contra el hogar de su pareja Damari Maiwalira Galeano. En la requisa se logr\u00f3 incautar dos aparatos celulares y un arma blanca de fabricaci\u00f3n casera los cuales fueron entregados a los agentes policiales de la Comisar\u00eda 115 de Arroyo Por\u00e2, para la investigaci\u00f3n pertinente.<\/p>\n<p style=\"text-align: justify\">\n<p style=\"text-align: justify\">La pareja de la PPL Troche, Damaris Maiwalira Galeano, hab\u00eda denunciado el incendio de su casa provocado por personas desconocidas.<\/p>\n<p style=\"text-align: justify\">\n<p style=\"text-align: justify\">El director de la Penitenciar\u00eda Regional de Encarnaci\u00f3n, Prof. Carlos Silva, inform\u00f3 que por motivos de seguridad se solicit\u00f3 a la Direcci\u00f3n General de Establecimientos Penitenciarios el traslado de Troche a otra sede de reclusi\u00f3n.<\/p>\n","protected":false},"excerpt":{"rendered":"<p>El Ministerio de Justicia confirm\u00f3 que a las 06:15 de este lunes se realiz\u00f3 una requisa en la Penitenciar\u00eda Regional de Encarnaci\u00f3n \u2013Cereso, espec\u00edficamente en la celda n\u00famero 17, del&hellip; <\/p>\n","protected":false},"author":3,"featured_media":61351,"comment_status":"closed","ping_status":"open","sticky":false,"template":"","format":"standard","meta":{"sfsi_plus_gutenberg_text_before_share":"","sfsi_plus_gutenberg_show_text_before_share":"","sfsi_plus_gutenberg_icon_type":"","sfsi_plus_gutenberg_icon_alignemt":"","sfsi_plus_gutenburg_max_per_row":"","footnotes":"","_jetpack_memberships_contains_paid_content":false,"jetpack_publicize_message":"","jetpack_publicize_feature_enabled":true,"jetpack_social_post_already_shared":true,"jetpack_social_options":{"image_generator_settings":{"template":"highway","enabled":false},"version":2}},"categories":[5],"tags":[],"jetpack_publicize_connections":[],"jetpack_sharing_enabled":true,"jetpack_featured_media_url":"https:\/\/agendaparaguay.com\/v2\/wp-content\/uploads\/2024\/01\/penal_cereso_encarnacion_penitencieria.png","_links":{"self":[{"href":"https:\/\/agendaparaguay.com\/v2\/wp-json\/wp\/v2\/posts\/61350"}],"collection":[{"href":"https:\/\/agendaparaguay.com\/v2\/wp-json\/wp\/v2\/posts"}],"about":[{"href":"https:\/\/agendaparaguay.com\/v2\/wp-json\/wp\/v2\/types\/post"}],"author":[{"embeddable":true,"href":"https:\/\/agendaparaguay.com\/v2\/wp-json\/wp\/v2\/users\/3"}],"replies":[{"embeddable":true,"href":"https:\/\/agendaparaguay.com\/v2\/wp-json\/wp\/v2\/comments?post=61350"}],"version-history":[{"count":1,"href":"https:\/\/agendaparaguay.com\/v2\/wp-json\/wp\/v2\/posts\/61350\/revisions"}],"predecessor-version":[{"id":61352,"href":"https:\/\/agendaparaguay.com\/v2\/wp-json\/wp\/v2\/posts\/61350\/revisions\/61352"}],"wp:featuredmedia":[{"embeddable":true,"href":"https:\/\/agendaparaguay.com\/v2\/wp-json\/wp\/v2\/media\/61351"}],"wp:attachment":[{"href":"https:\/\/agendaparaguay.com\/v2\/wp-json\/wp\/v2\/media?parent=61350"}],"wp:term":[{"taxonomy":"category","embeddable":true,"href":"https:\/\/agendaparaguay.com\/v2\/wp-json\/wp\/v2\/categories?post=61350"},{"taxonomy":"post_tag","embeddable":true,"href":"https:\/\/agendaparaguay.com\/v2\/wp-json\/wp\/v2\/tags?post=61350"}],"curies":[{"name":"wp","href":"https:\/\/api.w.org\/{rel}","templated":true}]}}