{"id":61632,"date":"2024-01-29T00:36:52","date_gmt":"2024-01-29T03:36:52","guid":{"rendered":"https:\/\/agendaparaguay.com\/v2\/?p=61632"},"modified":"2024-01-29T09:31:36","modified_gmt":"2024-01-29T12:31:36","slug":"caso-venta-de-cargos-en-ips-detienen-en-luque-a-funcionario-con-orden-de-captura","status":"publish","type":"post","link":"https:\/\/agendaparaguay.com\/v2\/2024\/01\/29\/caso-venta-de-cargos-en-ips-detienen-en-luque-a-funcionario-con-orden-de-captura\/","title":{"rendered":"Caso venta de cargos en IPS: Detienen en Luque a funcionario con orden de captura"},"content":{"rendered":"<p style=\"text-align: justify;\">Se trata de Jos\u00e9 Genaro Santa Cruz Frutos, funcionario del Instituto de Previsi\u00f3n Social, buscado por el caso venta de cargos, quien cuenta con orden de captura por los supuestos hechos punibles de asociaci\u00f3n criminal y estafa.<!--more--><\/p>\n<p style=\"text-align: justify;\">Su detenci\u00f3n fue confirmada por agentes de la Comisar\u00eda 3ra de Luque.<\/p>\n<p style=\"text-align: justify;\">El procedimiento se realiz\u00f3 en la v\u00eda p\u00fablica. Santa Cruz se desempe\u00f1aba en el cargo de enfermero en el ente previsional.<\/p>\n","protected":false},"excerpt":{"rendered":"<p>Se trata de Jos\u00e9 Genaro Santa Cruz Frutos, funcionario del Instituto de Previsi\u00f3n Social, buscado por el caso venta de cargos, quien cuenta con orden de captura por los supuestos&hellip; <\/p>\n","protected":false},"author":1,"featured_media":61633,"comment_status":"closed","ping_status":"open","sticky":false,"template":"","format":"standard","meta":{"sfsi_plus_gutenberg_text_before_share":"","sfsi_plus_gutenberg_show_text_before_share":"","sfsi_plus_gutenberg_icon_type":"","sfsi_plus_gutenberg_icon_alignemt":"","sfsi_plus_gutenburg_max_per_row":"","footnotes":"","_jetpack_memberships_contains_paid_content":false,"jetpack_publicize_message":"","jetpack_publicize_feature_enabled":true,"jetpack_social_post_already_shared":true,"jetpack_social_options":{"image_generator_settings":{"template":"highway","enabled":false},"version":2}},"categories":[5],"tags":[],"jetpack_publicize_connections":[],"jetpack_sharing_enabled":true,"jetpack_featured_media_url":"https:\/\/agendaparaguay.com\/v2\/wp-content\/uploads\/2024\/01\/caso_ips_detenido_enfermero.jpg","_links":{"self":[{"href":"https:\/\/agendaparaguay.com\/v2\/wp-json\/wp\/v2\/posts\/61632"}],"collection":[{"href":"https:\/\/agendaparaguay.com\/v2\/wp-json\/wp\/v2\/posts"}],"about":[{"href":"https:\/\/agendaparaguay.com\/v2\/wp-json\/wp\/v2\/types\/post"}],"author":[{"embeddable":true,"href":"https:\/\/agendaparaguay.com\/v2\/wp-json\/wp\/v2\/users\/1"}],"replies":[{"embeddable":true,"href":"https:\/\/agendaparaguay.com\/v2\/wp-json\/wp\/v2\/comments?post=61632"}],"version-history":[{"count":1,"href":"https:\/\/agendaparaguay.com\/v2\/wp-json\/wp\/v2\/posts\/61632\/revisions"}],"predecessor-version":[{"id":61634,"href":"https:\/\/agendaparaguay.com\/v2\/wp-json\/wp\/v2\/posts\/61632\/revisions\/61634"}],"wp:featuredmedia":[{"embeddable":true,"href":"https:\/\/agendaparaguay.com\/v2\/wp-json\/wp\/v2\/media\/61633"}],"wp:attachment":[{"href":"https:\/\/agendaparaguay.com\/v2\/wp-json\/wp\/v2\/media?parent=61632"}],"wp:term":[{"taxonomy":"category","embeddable":true,"href":"https:\/\/agendaparaguay.com\/v2\/wp-json\/wp\/v2\/categories?post=61632"},{"taxonomy":"post_tag","embeddable":true,"href":"https:\/\/agendaparaguay.com\/v2\/wp-json\/wp\/v2\/tags?post=61632"}],"curies":[{"name":"wp","href":"https:\/\/api.w.org\/{rel}","templated":true}]}}