{"id":61647,"date":"2024-01-29T09:50:38","date_gmt":"2024-01-29T12:50:38","guid":{"rendered":"https:\/\/agendaparaguay.com\/v2\/?p=61647"},"modified":"2024-01-29T09:29:57","modified_gmt":"2024-01-29T12:29:57","slug":"capturan-a-dos-procesados-por-violencia-familiar-en-allanamientos","status":"publish","type":"post","link":"https:\/\/agendaparaguay.com\/v2\/2024\/01\/29\/capturan-a-dos-procesados-por-violencia-familiar-en-allanamientos\/","title":{"rendered":"Capturan a dos procesados por violencia familiar en allanamientos"},"content":{"rendered":"<p style=\"text-align: justify\">El fiscal de \u00d1emby, Lorenzo Lezcano, coordin\u00f3 este domingo, un allanamiento que culmin\u00f3 con la detenci\u00f3n de dos ciudadanos que ten\u00edan \u00f3rdenes de captura en causas abiertas por violencia familiar.<\/p>\n<p style=\"text-align: justify\"><!--more--><\/p>\n<p style=\"text-align: justify\">\n<p style=\"text-align: justify\">El procedimiento fue llevado a cabo por agentes policiales desde las 16:50 horas, en la vivienda ubicada en la calle Jordania casi Turqu\u00eda en el barrio Centro de la ciudad de Villa Elisa, Departamento Central.<\/p>\n<p style=\"text-align: justify\">\n<p style=\"text-align: justify\">El primer capturado fue identificado como Ren\u00e9 Gaspar Sena Ayala, paraguayo, soltero, de 29 a\u00f1os. Tambi\u00e9n fue capturado, Axel Ariel Osmar Lugo Rojas, paraguayo, soltero, de 27 a\u00f1os. Ambos pose\u00edan \u00f3rdenes de captura por violencia familiar en unidades fiscales de Villa Elisa.<\/p>\n","protected":false},"excerpt":{"rendered":"<p>El fiscal de \u00d1emby, Lorenzo Lezcano, coordin\u00f3 este domingo, un allanamiento que culmin\u00f3 con la detenci\u00f3n de dos ciudadanos que ten\u00edan \u00f3rdenes de captura en causas abiertas por violencia familiar.<\/p>\n","protected":false},"author":3,"featured_media":61648,"comment_status":"closed","ping_status":"open","sticky":false,"template":"","format":"standard","meta":{"sfsi_plus_gutenberg_text_before_share":"","sfsi_plus_gutenberg_show_text_before_share":"","sfsi_plus_gutenberg_icon_type":"","sfsi_plus_gutenberg_icon_alignemt":"","sfsi_plus_gutenburg_max_per_row":"","footnotes":"","_jetpack_memberships_contains_paid_content":false,"jetpack_publicize_message":"","jetpack_publicize_feature_enabled":true,"jetpack_social_post_already_shared":true,"jetpack_social_options":{"image_generator_settings":{"template":"highway","enabled":false},"version":2}},"categories":[5],"tags":[],"jetpack_publicize_connections":[],"jetpack_sharing_enabled":true,"jetpack_featured_media_url":"https:\/\/agendaparaguay.com\/v2\/wp-content\/uploads\/2024\/01\/Allanamiento_violencia_familiar.jpg","_links":{"self":[{"href":"https:\/\/agendaparaguay.com\/v2\/wp-json\/wp\/v2\/posts\/61647"}],"collection":[{"href":"https:\/\/agendaparaguay.com\/v2\/wp-json\/wp\/v2\/posts"}],"about":[{"href":"https:\/\/agendaparaguay.com\/v2\/wp-json\/wp\/v2\/types\/post"}],"author":[{"embeddable":true,"href":"https:\/\/agendaparaguay.com\/v2\/wp-json\/wp\/v2\/users\/3"}],"replies":[{"embeddable":true,"href":"https:\/\/agendaparaguay.com\/v2\/wp-json\/wp\/v2\/comments?post=61647"}],"version-history":[{"count":1,"href":"https:\/\/agendaparaguay.com\/v2\/wp-json\/wp\/v2\/posts\/61647\/revisions"}],"predecessor-version":[{"id":61649,"href":"https:\/\/agendaparaguay.com\/v2\/wp-json\/wp\/v2\/posts\/61647\/revisions\/61649"}],"wp:featuredmedia":[{"embeddable":true,"href":"https:\/\/agendaparaguay.com\/v2\/wp-json\/wp\/v2\/media\/61648"}],"wp:attachment":[{"href":"https:\/\/agendaparaguay.com\/v2\/wp-json\/wp\/v2\/media?parent=61647"}],"wp:term":[{"taxonomy":"category","embeddable":true,"href":"https:\/\/agendaparaguay.com\/v2\/wp-json\/wp\/v2\/categories?post=61647"},{"taxonomy":"post_tag","embeddable":true,"href":"https:\/\/agendaparaguay.com\/v2\/wp-json\/wp\/v2\/tags?post=61647"}],"curies":[{"name":"wp","href":"https:\/\/api.w.org\/{rel}","templated":true}]}}