{"id":61682,"date":"2024-01-29T22:21:16","date_gmt":"2024-01-30T01:21:16","guid":{"rendered":"https:\/\/agendaparaguay.com\/v2\/?p=61682"},"modified":"2024-01-30T08:22:35","modified_gmt":"2024-01-30T11:22:35","slug":"latorre-respalda-proyecto-hambre-cero","status":"publish","type":"post","link":"https:\/\/agendaparaguay.com\/v2\/2024\/01\/29\/latorre-respalda-proyecto-hambre-cero\/","title":{"rendered":"Latorre respalda proyecto \u201cHambre cero\u201d"},"content":{"rendered":"<p style=\"text-align: justify;\">El titular de Diputados, Ra\u00fal Latorre se refiri\u00f3 al proyecto de ley \u201cHambre cero\u00bb presentado este lunes por el presidente Santiago Pe\u00f1a.<!--more--><\/p>\n<p style=\"text-align: justify;\">La iniciativa pretende cubrir el 100 % de la alimentaci\u00f3n escolar durante los 180 d\u00edas de clases que dura el a\u00f1o lectivo.<\/p>\n<p style=\"text-align: justify;\">Latorre resalt\u00f3 que la propuesta apunta a lograr que la alimentaci\u00f3n escolar b\u00e1sica pase del 5 al 100 % de cobertura.<\/p>\n<p style=\"text-align: justify;\">Enfatiz\u00f3 que una mejor alimentaci\u00f3n se traduce en una mejor salud.<\/p>\n<p style=\"text-align: justify;\">\u201cAcompa\u00f1amos el lanzamiento del proyecto \u00abHambre Cero\u00bb, con el cual buscamos que la alimentaci\u00f3n escolar b\u00e1sica pase del 5 % al 100 % de cobertura. Una mejor alimentaci\u00f3n se traduce en una mejor salud, menor ausentismo en las escuelas y mejor educaci\u00f3n para nuestros ni\u00f1os\u201d, expres\u00f3 el presidente de la C\u00e1mara Baja.<\/p>\n<p style=\"text-align: justify;\">La normativa plantea la creaci\u00f3n del Fondo Nacional para la Alimentaci\u00f3n Escolar (Fonae), con el objetivo de potenciar el programa de alimentaci\u00f3n escolar en los departamentos y municipios, por medio de un trabajo articulado con las administraciones locales.<\/p>\n<p style=\"text-align: justify;\">Pretende la creaci\u00f3n del Consejo Nacional de Alimentaci\u00f3n Escolar (Conae), que regular\u00e1 la provisi\u00f3n del almuerzo escolar y la utilizaci\u00f3n de los recursos.<\/p>\n<p style=\"text-align: justify;\">Seg\u00fan datos, cerca de 1,5 millones de estudiantes estuvieron matriculados en el \u00faltimo a\u00f1o (informaci\u00f3n oficial del MEC); y m\u00e1s del 95 % cursa niveles iguales o inferiores a la Educaci\u00f3n Media; mientras que el 90 % asiste a instituciones educativas p\u00fablicas o subvencionadas.<\/p>\n<p style=\"text-align: justify;\">Indica el proyecto que al menos 1,3 millones de estudiantes son potenciales beneficiarios de la alimentaci\u00f3n escolar, pero la cobertura es muy baja: solo el 5 % estar\u00eda recibiendo el alimento durante los 180 d\u00edas.<\/p>\n<p style=\"text-align: justify;\">Universalizar el alcance<\/p>\n<p style=\"text-align: justify;\">La normativa busca universalizar el almuerzo escolar con criterios bien establecidos y el objetivo de erradicar el hambre en la etapa escolar, bas\u00e1ndose en \u201cla universalidad en la equidad\u201d.<\/p>\n<p style=\"text-align: justify;\">Se\u00f1ala que la idea es garantizar un efectivo derecho a la educaci\u00f3n, con la reducci\u00f3n de la inseguridad alimentaria y nutricional.<\/p>\n<p style=\"text-align: justify;\">Apunta a una gesti\u00f3n eficiente que contribuya a reducir las debilidades en la ejecuci\u00f3n de los recursos.<\/p>\n<p style=\"text-align: justify;\">En Asunci\u00f3n y zona metropolitana (m\u00e1s del 35 % del estudiantado), la gesti\u00f3n ser\u00eda dirigida por el Ministerio de Desarrollo Social; y a nivel departamental, por las gobernaciones, involucrando a las municipalidades, el MEC y organizaciones civiles.<\/p>\n<p style=\"text-align: justify;\">Prev\u00e9 un mayor control con la creaci\u00f3n del \u201cConsejo Nacional de Alimentaci\u00f3n Escolar (Conae)\u201d, como instancia que regular\u00e1 cuestiones administrativas, operativas, de rendici\u00f3n de cuentas y de fiscalizaci\u00f3n.<\/p>\n<p style=\"text-align: justify;\">Indica que la Contralor\u00eda General de la Rep\u00fablica har\u00e1 controles concurrentes para evitar que los recursos sean mal utilizados.<\/p>\n<p style=\"text-align: justify;\">Esto, para garantizar que los ni\u00f1os reciban el almuerzo escolar en tiempo y forma; y que sea de calidad.<\/p>\n<p style=\"text-align: justify;\">Adem\u00e1s, establece que a trav\u00e9s del Mitic haya mecanismos de control en l\u00ednea que permitan denunciar incumplimientos.<\/p>\n<p style=\"text-align: justify;\">El plan incluye la creaci\u00f3n del Fondo Nacional de Alimentaci\u00f3n Escolar (Fonae), para blindar los recursos.<\/p>\n<p style=\"text-align: justify;\">La propuesta busca ampliar fuentes de financiamiento y redireccionar recursos del Fonacide. Fuente: Diputados.<\/p>\n","protected":false},"excerpt":{"rendered":"<p>El titular de Diputados, Ra\u00fal Latorre se refiri\u00f3 al proyecto de ley \u201cHambre cero\u00bb presentado este lunes por el presidente Santiago Pe\u00f1a.<\/p>\n","protected":false},"author":1,"featured_media":57890,"comment_status":"closed","ping_status":"open","sticky":false,"template":"","format":"standard","meta":{"sfsi_plus_gutenberg_text_before_share":"","sfsi_plus_gutenberg_show_text_before_share":"","sfsi_plus_gutenberg_icon_type":"","sfsi_plus_gutenberg_icon_alignemt":"","sfsi_plus_gutenburg_max_per_row":"","footnotes":"","_jetpack_memberships_contains_paid_content":false,"jetpack_publicize_message":"","jetpack_publicize_feature_enabled":true,"jetpack_social_post_already_shared":true,"jetpack_social_options":{"image_generator_settings":{"template":"highway","enabled":false},"version":2}},"categories":[4],"tags":[],"jetpack_publicize_connections":[],"jetpack_sharing_enabled":true,"jetpack_featured_media_url":"https:\/\/agendaparaguay.com\/v2\/wp-content\/uploads\/2023\/09\/raul_latorre_3.jpg","_links":{"self":[{"href":"https:\/\/agendaparaguay.com\/v2\/wp-json\/wp\/v2\/posts\/61682"}],"collection":[{"href":"https:\/\/agendaparaguay.com\/v2\/wp-json\/wp\/v2\/posts"}],"about":[{"href":"https:\/\/agendaparaguay.com\/v2\/wp-json\/wp\/v2\/types\/post"}],"author":[{"embeddable":true,"href":"https:\/\/agendaparaguay.com\/v2\/wp-json\/wp\/v2\/users\/1"}],"replies":[{"embeddable":true,"href":"https:\/\/agendaparaguay.com\/v2\/wp-json\/wp\/v2\/comments?post=61682"}],"version-history":[{"count":1,"href":"https:\/\/agendaparaguay.com\/v2\/wp-json\/wp\/v2\/posts\/61682\/revisions"}],"predecessor-version":[{"id":61683,"href":"https:\/\/agendaparaguay.com\/v2\/wp-json\/wp\/v2\/posts\/61682\/revisions\/61683"}],"wp:featuredmedia":[{"embeddable":true,"href":"https:\/\/agendaparaguay.com\/v2\/wp-json\/wp\/v2\/media\/57890"}],"wp:attachment":[{"href":"https:\/\/agendaparaguay.com\/v2\/wp-json\/wp\/v2\/media?parent=61682"}],"wp:term":[{"taxonomy":"category","embeddable":true,"href":"https:\/\/agendaparaguay.com\/v2\/wp-json\/wp\/v2\/categories?post=61682"},{"taxonomy":"post_tag","embeddable":true,"href":"https:\/\/agendaparaguay.com\/v2\/wp-json\/wp\/v2\/tags?post=61682"}],"curies":[{"name":"wp","href":"https:\/\/api.w.org\/{rel}","templated":true}]}}