{"id":61818,"date":"2024-02-01T16:00:40","date_gmt":"2024-02-01T19:00:40","guid":{"rendered":"https:\/\/agendaparaguay.com\/v2\/?p=61818"},"modified":"2024-02-02T06:38:36","modified_gmt":"2024-02-02T09:38:36","slug":"diputado-insta-al-mopc-trabajo-coordinado-en-el-marco-de-la-emergencia-vial","status":"publish","type":"post","link":"https:\/\/agendaparaguay.com\/v2\/2024\/02\/01\/diputado-insta-al-mopc-trabajo-coordinado-en-el-marco-de-la-emergencia-vial\/","title":{"rendered":"Diputado insta al MOPC \u00abtrabajo coordinado\u00bb en el marco de la emergencia vial"},"content":{"rendered":"<p style=\"text-align: justify;\">El titular de la Comisi\u00f3n de Obras de Diputados, Benjam\u00edn Cantero destac\u00f3 que es de fundamental importancia una buena coordinaci\u00f3n entre las diferentes instituciones y dependencias involucradas en la correcta aplicaci\u00f3n de la emergencia vial que fue declarada por el Congreso.<!--more--><\/p>\n<p style=\"text-align: justify;\">Fue en el marco de la reuni\u00f3n mantenida por los legisladores con laministra de Obras P\u00fablicas, Claudia Centuri\u00f3n.<\/p>\n<p style=\"text-align: justify;\">\u201cEstuvimos hablando sobre la declaraci\u00f3n de emergencia vial a nivel pa\u00eds. En principio se hab\u00eda previsto solamente dos departamentos, Central y \u00d1eembuc\u00fa; pero despu\u00e9s nosotros, en la Comisi\u00f3n de Obras, consensuamos la necesidad de que todos los departamentos est\u00e9n incluidos\u201d, record\u00f3 el diputado Cantero.<\/p>\n<p style=\"text-align: justify;\">Insisti\u00f3 en que para el \u00e9xito de la declaraci\u00f3n se debe trabajar de manera coordinada y ello debe involucrar a los 17 departamentos; el Ministerio de Obras P\u00fablicas y Comunicaciones (MOPC); las gobernaciones; y los municipios.<\/p>\n<p style=\"text-align: justify;\">\u201cPor ejemplo, la reparaci\u00f3n de los caminos vecinales en una cuesti\u00f3n de preocupaci\u00f3n para las diferentes comisiones conformadas en los municipios. Ellos nos acercan esas preocupaciones, los pedidos, las necesidades; y como representantes, nosotros estamos cerca permanentemente y recogemos esos pedidos, lo cual le mencion\u00e9 a la ministra, al tiempo de ponerme a disposici\u00f3n para ser un canal y trasladar visiones, ideas, reclamos. Nosotros siempre debemos estar dispuestos a golpear puertas, mesas, lo que sea, a fin de que los trabajos se lleven a cabo de la mejor manera posible\u201d, dijo el congresista.<\/p>\n<p style=\"text-align: justify;\">Por \u00faltimo, adelant\u00f3 que, en el presente a\u00f1o, la comisi\u00f3n asesora que preside seguir\u00e1 con la tem\u00e1tica de hacer reuniones interinstitucionales, especialmente con el MOPC, para un constante di\u00e1logo y avanzar.<\/p>\n<p style=\"text-align: justify;\">\u201cTambi\u00e9n debe existir buena comunicaci\u00f3n para lograr los objetivos\u201d, afirm\u00f3. Fuente: Diputados.<\/p>\n","protected":false},"excerpt":{"rendered":"<p>El titular de la Comisi\u00f3n de Obras de Diputados, Benjam\u00edn Cantero destac\u00f3 que es de fundamental importancia una buena coordinaci\u00f3n entre las diferentes instituciones y dependencias involucradas en la correcta&hellip; <\/p>\n","protected":false},"author":1,"featured_media":29487,"comment_status":"closed","ping_status":"open","sticky":false,"template":"","format":"standard","meta":{"sfsi_plus_gutenberg_text_before_share":"","sfsi_plus_gutenberg_show_text_before_share":"","sfsi_plus_gutenberg_icon_type":"","sfsi_plus_gutenberg_icon_alignemt":"","sfsi_plus_gutenburg_max_per_row":"","footnotes":"","_jetpack_memberships_contains_paid_content":false,"jetpack_publicize_message":"","jetpack_publicize_feature_enabled":true,"jetpack_social_post_already_shared":true,"jetpack_social_options":{"image_generator_settings":{"template":"highway","enabled":false},"version":2}},"categories":[4],"tags":[],"jetpack_publicize_connections":[],"jetpack_sharing_enabled":true,"jetpack_featured_media_url":"https:\/\/agendaparaguay.com\/v2\/wp-content\/uploads\/2021\/02\/bache_central.jpg","_links":{"self":[{"href":"https:\/\/agendaparaguay.com\/v2\/wp-json\/wp\/v2\/posts\/61818"}],"collection":[{"href":"https:\/\/agendaparaguay.com\/v2\/wp-json\/wp\/v2\/posts"}],"about":[{"href":"https:\/\/agendaparaguay.com\/v2\/wp-json\/wp\/v2\/types\/post"}],"author":[{"embeddable":true,"href":"https:\/\/agendaparaguay.com\/v2\/wp-json\/wp\/v2\/users\/1"}],"replies":[{"embeddable":true,"href":"https:\/\/agendaparaguay.com\/v2\/wp-json\/wp\/v2\/comments?post=61818"}],"version-history":[{"count":1,"href":"https:\/\/agendaparaguay.com\/v2\/wp-json\/wp\/v2\/posts\/61818\/revisions"}],"predecessor-version":[{"id":61819,"href":"https:\/\/agendaparaguay.com\/v2\/wp-json\/wp\/v2\/posts\/61818\/revisions\/61819"}],"wp:featuredmedia":[{"embeddable":true,"href":"https:\/\/agendaparaguay.com\/v2\/wp-json\/wp\/v2\/media\/29487"}],"wp:attachment":[{"href":"https:\/\/agendaparaguay.com\/v2\/wp-json\/wp\/v2\/media?parent=61818"}],"wp:term":[{"taxonomy":"category","embeddable":true,"href":"https:\/\/agendaparaguay.com\/v2\/wp-json\/wp\/v2\/categories?post=61818"},{"taxonomy":"post_tag","embeddable":true,"href":"https:\/\/agendaparaguay.com\/v2\/wp-json\/wp\/v2\/tags?post=61818"}],"curies":[{"name":"wp","href":"https:\/\/api.w.org\/{rel}","templated":true}]}}