{"id":61978,"date":"2024-02-06T15:00:28","date_gmt":"2024-02-06T18:00:28","guid":{"rendered":"https:\/\/agendaparaguay.com\/v2\/?p=61978"},"modified":"2024-02-06T12:24:31","modified_gmt":"2024-02-06T15:24:31","slug":"acusan-a-intendente-de-puerto-casado-por-compra-de-camioneta-con-dinero-de-la-comuna","status":"publish","type":"post","link":"https:\/\/agendaparaguay.com\/v2\/2024\/02\/06\/acusan-a-intendente-de-puerto-casado-por-compra-de-camioneta-con-dinero-de-la-comuna\/","title":{"rendered":"Acusan a intendente de Puerto Casado por compra de camioneta con dinero de la comuna"},"content":{"rendered":"<p style=\"text-align: justify\">Los agentes fiscales Luis Pi\u00f1\u00e1nez y Carlomagno Alvarenga presentaron acusaci\u00f3n contra el intendente de la ciudad de Puerto Casado, Hilario Adorno Mazacotte, por el hecho punible de administraci\u00f3n en provecho propio en perjuicio de la municipalidad de Puerto Casado.<\/p>\n<p style=\"text-align: justify\"><!--more--><\/p>\n<p style=\"text-align: justify\">\n<p style=\"text-align: justify\">Seg\u00fan la investigaci\u00f3n, Adorno habr\u00eda adquirido de la firma Nipon Automotores S.A. un veh\u00edculo Mitsubishi modelo Trit\u00f3n. Para ello hizo una entrega inicial de 50 millones de guaran\u00edes, con cheque del Banco Nacional de Fomento a nombre de la municipalidad de Puerto Casado, pero el veh\u00edculo fue adquirido a nombre del intendente y no del ejecutivo municipal.<\/p>\n<p style=\"text-align: justify\">\n<p style=\"text-align: justify\">Tras colectar las pruebas documentales y testimoniales, los fiscales solicitaron la abreviaci\u00f3n del plazo para solicitar que el caso sea elevado a juicio oral y p\u00fablico.<\/p>\n<p style=\"text-align: justify\">\n<p style=\"text-align: justify\">El delito tiene una expectativa de pena de hasta 10 a\u00f1os de c\u00e1rcel.<\/p>\n","protected":false},"excerpt":{"rendered":"<p>Los agentes fiscales Luis Pi\u00f1\u00e1nez y Carlomagno Alvarenga presentaron acusaci\u00f3n contra el intendente de la ciudad de Puerto Casado, Hilario Adorno Mazacotte, por el hecho punible de administraci\u00f3n en provecho&hellip; <\/p>\n","protected":false},"author":3,"featured_media":60498,"comment_status":"closed","ping_status":"open","sticky":false,"template":"","format":"standard","meta":{"sfsi_plus_gutenberg_text_before_share":"","sfsi_plus_gutenberg_show_text_before_share":"","sfsi_plus_gutenberg_icon_type":"","sfsi_plus_gutenberg_icon_alignemt":"","sfsi_plus_gutenburg_max_per_row":"","footnotes":"","_jetpack_memberships_contains_paid_content":false,"jetpack_publicize_message":"","jetpack_publicize_feature_enabled":true,"jetpack_social_post_already_shared":true,"jetpack_social_options":{"image_generator_settings":{"template":"highway","enabled":false},"version":2}},"categories":[5],"tags":[],"jetpack_publicize_connections":[],"jetpack_sharing_enabled":true,"jetpack_featured_media_url":"https:\/\/agendaparaguay.com\/v2\/wp-content\/uploads\/2023\/12\/fiscalia-ministerio-publico-fachada.jpg","_links":{"self":[{"href":"https:\/\/agendaparaguay.com\/v2\/wp-json\/wp\/v2\/posts\/61978"}],"collection":[{"href":"https:\/\/agendaparaguay.com\/v2\/wp-json\/wp\/v2\/posts"}],"about":[{"href":"https:\/\/agendaparaguay.com\/v2\/wp-json\/wp\/v2\/types\/post"}],"author":[{"embeddable":true,"href":"https:\/\/agendaparaguay.com\/v2\/wp-json\/wp\/v2\/users\/3"}],"replies":[{"embeddable":true,"href":"https:\/\/agendaparaguay.com\/v2\/wp-json\/wp\/v2\/comments?post=61978"}],"version-history":[{"count":1,"href":"https:\/\/agendaparaguay.com\/v2\/wp-json\/wp\/v2\/posts\/61978\/revisions"}],"predecessor-version":[{"id":61983,"href":"https:\/\/agendaparaguay.com\/v2\/wp-json\/wp\/v2\/posts\/61978\/revisions\/61983"}],"wp:featuredmedia":[{"embeddable":true,"href":"https:\/\/agendaparaguay.com\/v2\/wp-json\/wp\/v2\/media\/60498"}],"wp:attachment":[{"href":"https:\/\/agendaparaguay.com\/v2\/wp-json\/wp\/v2\/media?parent=61978"}],"wp:term":[{"taxonomy":"category","embeddable":true,"href":"https:\/\/agendaparaguay.com\/v2\/wp-json\/wp\/v2\/categories?post=61978"},{"taxonomy":"post_tag","embeddable":true,"href":"https:\/\/agendaparaguay.com\/v2\/wp-json\/wp\/v2\/tags?post=61978"}],"curies":[{"name":"wp","href":"https:\/\/api.w.org\/{rel}","templated":true}]}}