{"id":62340,"date":"2024-02-15T08:47:46","date_gmt":"2024-02-15T11:47:46","guid":{"rendered":"https:\/\/agendaparaguay.com\/v2\/?p=62340"},"modified":"2024-02-15T08:47:46","modified_gmt":"2024-02-15T11:47:46","slug":"coordinan-acciones-para-proteger-derecho-de-pasajeros-afirman","status":"publish","type":"post","link":"https:\/\/agendaparaguay.com\/v2\/2024\/02\/15\/coordinan-acciones-para-proteger-derecho-de-pasajeros-afirman\/","title":{"rendered":"Coordinan acciones para proteger derecho de pasajeros, afirman"},"content":{"rendered":"<p>Con el objetivo de atender las necesidades de los pasajeros, el Viceministerio de Transporte del Ministerio de Obras P\u00fablicas y Comunicaciones (MOPC) y la Secretar\u00eda de Defensa del Consumidor y el Usuario (Sedeco) a\u00fanan esfuerzos para la protecci\u00f3n de los derechos de los ciudadanos.<\/p>\n<p><!--more--><\/p>\n<p>&nbsp;<\/p>\n<p>Durante una mesa de di\u00e1logo, el viceministro de Transporte, Guido Benza, y la titular de Sedeco, Sara Ir\u00fan, analizaron los mecanismos de atenci\u00f3n y acordaron trabajar en conjunto para el fortalecimiento de los canales de reclamos.<\/p>\n<p>&nbsp;<\/p>\n<p>De manera a avanzar en las gestiones, la instituci\u00f3n estatal que regula el sistema de transporte en el \u00e1rea metropolitana de Asunci\u00f3n detall\u00f3 el proceso de verificaci\u00f3n en calle del departamento de Fiscalizaci\u00f3n y Control.<\/p>\n<p>&nbsp;<\/p>\n<p>\u201cComo Gobierno apuntamos a solucionar de manera sustancial y en el menor tiempo posible las necesidades de los pasajeros. Los reclamos son un importante insumo para mejorar el servicio p\u00fablico\u201d, manifest\u00f3 el viceministro de Transporte.<\/p>\n<p>&nbsp;<\/p>\n<p>A su vez, destac\u00f3 que estas conversaciones con base interinstitucional son necesarias para proteger conjuntamente los derechos de los usuarios de transporte, seg\u00fan reporta el MOPC.<\/p>\n<p>Canales disponibles para atenci\u00f3n ciudadana<\/p>\n<p>&nbsp;<\/p>\n<p>Por su parte, la titular de Sedeco, Sara Ir\u00fan, defini\u00f3 como fundamental analizar los reclamos de la ciudadan\u00eda y conocer de primera mano los procedimientos que se llevan adelante para atender las necesidades de los usuarios. \u201cDebemos instar a los pasajeros a hacer sus reclamos para dar respuestas que contribuyan en el mejoramiento del servicio p\u00fablico\u201d, expres\u00f3.<\/p>\n<p>&nbsp;<\/p>\n<p>Desde el Viceministerio de Transporte se recuerda a la ciudadan\u00eda que los canales disponibles para reclamos son a trav\u00e9s de la l\u00ednea de WhatsApp 0986 898 600 o por el formulario virtual que se encuentra en el portal del MOPC.<\/p>\n<p>&nbsp;<\/p>\n<p>Fuente: Ip<\/p>\n","protected":false},"excerpt":{"rendered":"<p>Con el objetivo de atender las necesidades de los pasajeros, el Viceministerio de Transporte del Ministerio de Obras P\u00fablicas y Comunicaciones (MOPC) y la Secretar\u00eda de Defensa del Consumidor y&hellip; <\/p>\n","protected":false},"author":3,"featured_media":62341,"comment_status":"closed","ping_status":"open","sticky":false,"template":"","format":"standard","meta":{"sfsi_plus_gutenberg_text_before_share":"","sfsi_plus_gutenberg_show_text_before_share":"","sfsi_plus_gutenberg_icon_type":"","sfsi_plus_gutenberg_icon_alignemt":"","sfsi_plus_gutenburg_max_per_row":"","footnotes":"","_jetpack_memberships_contains_paid_content":false,"jetpack_publicize_message":"","jetpack_publicize_feature_enabled":true,"jetpack_social_post_already_shared":true,"jetpack_social_options":{"image_generator_settings":{"template":"highway","enabled":false},"version":2}},"categories":[5],"tags":[],"jetpack_publicize_connections":[],"jetpack_sharing_enabled":true,"jetpack_featured_media_url":"https:\/\/agendaparaguay.com\/v2\/wp-content\/uploads\/2024\/02\/colectivo_fila.jpg","_links":{"self":[{"href":"https:\/\/agendaparaguay.com\/v2\/wp-json\/wp\/v2\/posts\/62340"}],"collection":[{"href":"https:\/\/agendaparaguay.com\/v2\/wp-json\/wp\/v2\/posts"}],"about":[{"href":"https:\/\/agendaparaguay.com\/v2\/wp-json\/wp\/v2\/types\/post"}],"author":[{"embeddable":true,"href":"https:\/\/agendaparaguay.com\/v2\/wp-json\/wp\/v2\/users\/3"}],"replies":[{"embeddable":true,"href":"https:\/\/agendaparaguay.com\/v2\/wp-json\/wp\/v2\/comments?post=62340"}],"version-history":[{"count":1,"href":"https:\/\/agendaparaguay.com\/v2\/wp-json\/wp\/v2\/posts\/62340\/revisions"}],"predecessor-version":[{"id":62342,"href":"https:\/\/agendaparaguay.com\/v2\/wp-json\/wp\/v2\/posts\/62340\/revisions\/62342"}],"wp:featuredmedia":[{"embeddable":true,"href":"https:\/\/agendaparaguay.com\/v2\/wp-json\/wp\/v2\/media\/62341"}],"wp:attachment":[{"href":"https:\/\/agendaparaguay.com\/v2\/wp-json\/wp\/v2\/media?parent=62340"}],"wp:term":[{"taxonomy":"category","embeddable":true,"href":"https:\/\/agendaparaguay.com\/v2\/wp-json\/wp\/v2\/categories?post=62340"},{"taxonomy":"post_tag","embeddable":true,"href":"https:\/\/agendaparaguay.com\/v2\/wp-json\/wp\/v2\/tags?post=62340"}],"curies":[{"name":"wp","href":"https:\/\/api.w.org\/{rel}","templated":true}]}}