{"id":62354,"date":"2024-02-15T10:18:51","date_gmt":"2024-02-15T13:18:51","guid":{"rendered":"https:\/\/agendaparaguay.com\/v2\/?p=62354"},"modified":"2024-02-15T13:00:06","modified_gmt":"2024-02-15T16:00:06","slug":"hernan-rivas-desaforado","status":"publish","type":"post","link":"https:\/\/agendaparaguay.com\/v2\/2024\/02\/15\/hernan-rivas-desaforado\/","title":{"rendered":"Hern\u00e1n Rivas, Desaforado."},"content":{"rendered":"<p style=\"text-align: justify\">El pleno del Senado por unanimidad de los presentes, 37 votos, aprob\u00f3 el pedido de desafuero del colorado Hern\u00e1n Rivas, imputado por la fiscala Patricia S\u00e1nchez.<\/p>\n<p style=\"text-align: justify\"><!--more--><\/p>\n<p style=\"text-align: justify\">\n<p style=\"text-align: justify\">La imputado de Rivas por parte de la fiscal Patricia S\u00e1nchez, se dio por producci\u00f3n mediata de documentos p\u00fablicos de contenido falso y uso de documentos p\u00fablicos de contenido falso.<\/p>\n<p style=\"text-align: justify\">\n<p style=\"text-align: justify\">Es en el caso de su t\u00edtulo de abogado que el legislador utiliz\u00f3 para acceder a la representaci\u00f3n del Senado ante el Jurado de Enjuiciamiento de Magistrados, donde lleg\u00f3 incluso a ocupar la presidencia.<\/p>\n<p style=\"text-align: justify\">\n<p style=\"text-align: justify\">De 45 senadores, los 37 votaron por el retiro de sus fueros, en tanto que se registr\u00f3 8 ausencias.<\/p>\n<p style=\"text-align: justify\">\n<p style=\"text-align: justify\">Cabe destacar que el Juez Miguel Palacios comunic\u00f3 al Senado el pasado 19 de enero la imputaci\u00f3n de Rivas y solicit\u00f3 su desafuero.<\/p>\n","protected":false},"excerpt":{"rendered":"<p>El pleno del Senado por unanimidad de los presentes, 37 votos, aprob\u00f3 el pedido de desafuero del colorado Hern\u00e1n Rivas, imputado por la fiscala Patricia S\u00e1nchez.<\/p>\n","protected":false},"author":3,"featured_media":0,"comment_status":"closed","ping_status":"open","sticky":false,"template":"","format":"standard","meta":{"sfsi_plus_gutenberg_text_before_share":"","sfsi_plus_gutenberg_show_text_before_share":"","sfsi_plus_gutenberg_icon_type":"","sfsi_plus_gutenberg_icon_alignemt":"","sfsi_plus_gutenburg_max_per_row":"","footnotes":"","_jetpack_memberships_contains_paid_content":false,"jetpack_publicize_message":"","jetpack_publicize_feature_enabled":true,"jetpack_social_post_already_shared":true,"jetpack_social_options":{"image_generator_settings":{"template":"highway","enabled":false},"version":2}},"categories":[3],"tags":[],"jetpack_publicize_connections":[],"jetpack_sharing_enabled":true,"jetpack_featured_media_url":"","_links":{"self":[{"href":"https:\/\/agendaparaguay.com\/v2\/wp-json\/wp\/v2\/posts\/62354"}],"collection":[{"href":"https:\/\/agendaparaguay.com\/v2\/wp-json\/wp\/v2\/posts"}],"about":[{"href":"https:\/\/agendaparaguay.com\/v2\/wp-json\/wp\/v2\/types\/post"}],"author":[{"embeddable":true,"href":"https:\/\/agendaparaguay.com\/v2\/wp-json\/wp\/v2\/users\/3"}],"replies":[{"embeddable":true,"href":"https:\/\/agendaparaguay.com\/v2\/wp-json\/wp\/v2\/comments?post=62354"}],"version-history":[{"count":2,"href":"https:\/\/agendaparaguay.com\/v2\/wp-json\/wp\/v2\/posts\/62354\/revisions"}],"predecessor-version":[{"id":62370,"href":"https:\/\/agendaparaguay.com\/v2\/wp-json\/wp\/v2\/posts\/62354\/revisions\/62370"}],"wp:attachment":[{"href":"https:\/\/agendaparaguay.com\/v2\/wp-json\/wp\/v2\/media?parent=62354"}],"wp:term":[{"taxonomy":"category","embeddable":true,"href":"https:\/\/agendaparaguay.com\/v2\/wp-json\/wp\/v2\/categories?post=62354"},{"taxonomy":"post_tag","embeddable":true,"href":"https:\/\/agendaparaguay.com\/v2\/wp-json\/wp\/v2\/tags?post=62354"}],"curies":[{"name":"wp","href":"https:\/\/api.w.org\/{rel}","templated":true}]}}