{"id":63181,"date":"2024-03-13T17:32:49","date_gmt":"2024-03-13T20:32:49","guid":{"rendered":"https:\/\/agendaparaguay.com\/v2\/?p=63181"},"modified":"2024-03-14T07:59:41","modified_gmt":"2024-03-14T10:59:41","slug":"fiscal-general-asegura-que-no-permitira-atropello-a-la-prensa","status":"publish","type":"post","link":"https:\/\/agendaparaguay.com\/v2\/2024\/03\/13\/fiscal-general-asegura-que-no-permitira-atropello-a-la-prensa\/","title":{"rendered":"Fiscal General asegura que no permitir\u00e1 atropello a la prensa"},"content":{"rendered":"<p style=\"text-align: justify;\">El Fiscal General del Estado, Emiliano Rol\u00f3n Fern\u00e1ndez se pronunci\u00f3 sobre las recientes declaraciones del abogado del expresidente Horacio Cartes sobre amenazas a periodistas que publicaron informes confidenciales supuestamente filtrados por el gobierno de Mario Abdo Ben\u00edtez y asegur\u00f3 que \u00abno permitir\u00e1 el atropello a la prensa y el ejercicio del periodismo\u00bb.<!--more--><\/p>\n<p style=\"text-align: justify;\">Las manifestaciones vertidas por particulares sobre \u00abperspectiva de un caso penalmente relevante\u00bb, son de exclusiva responsabilidad de quien las emite\u00bb, se\u00f1ala parte del comunicado al hacer referencia a las declaraciones de Ovelar.<\/p>\n<p style=\"text-align: justify;\">\u00ab(La Fiscal\u00eda) no permitir\u00e1, por tales orientaciones, el atropello a las libertades esenciales, entre ellas, la prensa y el ejercicio del periodismo, verdaderos compromisos republicanos, porque las garant\u00edas constitucionales son de esencial trascendencia\u201d, se\u00f1ala parte del pronunciamiento de Rol\u00f3n Fern\u00e1ndez-<\/p>\n<p style=\"text-align: justify;\">\u00abLa instituci\u00f3n no se prestar\u00e1 a intereses mezquinos, sean de grupos pol\u00edticos o de particulares y regir\u00e1 sus acusaciones a los dictados de la ley\u00bb, menciona tambi\u00e9n el comunicado.<\/p>\n","protected":false},"excerpt":{"rendered":"<p>El Fiscal General del Estado, Emiliano Rol\u00f3n Fern\u00e1ndez se pronunci\u00f3 sobre las recientes declaraciones del abogado del expresidente Horacio Cartes sobre amenazas a periodistas que publicaron informes confidenciales supuestamente filtrados&hellip; <\/p>\n","protected":false},"author":1,"featured_media":56492,"comment_status":"closed","ping_status":"open","sticky":false,"template":"","format":"standard","meta":{"sfsi_plus_gutenberg_text_before_share":"","sfsi_plus_gutenberg_show_text_before_share":"","sfsi_plus_gutenberg_icon_type":"","sfsi_plus_gutenberg_icon_alignemt":"","sfsi_plus_gutenburg_max_per_row":"","footnotes":"","_jetpack_memberships_contains_paid_content":false,"jetpack_publicize_message":"","jetpack_publicize_feature_enabled":true,"jetpack_social_post_already_shared":true,"jetpack_social_options":{"image_generator_settings":{"template":"highway","enabled":false},"version":2}},"categories":[2],"tags":[],"jetpack_publicize_connections":[],"jetpack_sharing_enabled":true,"jetpack_featured_media_url":"https:\/\/agendaparaguay.com\/v2\/wp-content\/uploads\/2023\/07\/emiliano_rolon_julio.jpg","_links":{"self":[{"href":"https:\/\/agendaparaguay.com\/v2\/wp-json\/wp\/v2\/posts\/63181"}],"collection":[{"href":"https:\/\/agendaparaguay.com\/v2\/wp-json\/wp\/v2\/posts"}],"about":[{"href":"https:\/\/agendaparaguay.com\/v2\/wp-json\/wp\/v2\/types\/post"}],"author":[{"embeddable":true,"href":"https:\/\/agendaparaguay.com\/v2\/wp-json\/wp\/v2\/users\/1"}],"replies":[{"embeddable":true,"href":"https:\/\/agendaparaguay.com\/v2\/wp-json\/wp\/v2\/comments?post=63181"}],"version-history":[{"count":2,"href":"https:\/\/agendaparaguay.com\/v2\/wp-json\/wp\/v2\/posts\/63181\/revisions"}],"predecessor-version":[{"id":63183,"href":"https:\/\/agendaparaguay.com\/v2\/wp-json\/wp\/v2\/posts\/63181\/revisions\/63183"}],"wp:featuredmedia":[{"embeddable":true,"href":"https:\/\/agendaparaguay.com\/v2\/wp-json\/wp\/v2\/media\/56492"}],"wp:attachment":[{"href":"https:\/\/agendaparaguay.com\/v2\/wp-json\/wp\/v2\/media?parent=63181"}],"wp:term":[{"taxonomy":"category","embeddable":true,"href":"https:\/\/agendaparaguay.com\/v2\/wp-json\/wp\/v2\/categories?post=63181"},{"taxonomy":"post_tag","embeddable":true,"href":"https:\/\/agendaparaguay.com\/v2\/wp-json\/wp\/v2\/tags?post=63181"}],"curies":[{"name":"wp","href":"https:\/\/api.w.org\/{rel}","templated":true}]}}