{"id":63311,"date":"2024-03-19T08:18:57","date_gmt":"2024-03-19T11:18:57","guid":{"rendered":"https:\/\/agendaparaguay.com\/v2\/?p=63311"},"modified":"2024-03-19T11:24:41","modified_gmt":"2024-03-19T14:24:41","slug":"bachi-me-van-a-acusar-porque-debo-no-porque-robo","status":"publish","type":"post","link":"https:\/\/agendaparaguay.com\/v2\/2024\/03\/19\/bachi-me-van-a-acusar-porque-debo-no-porque-robo\/","title":{"rendered":"Bachi: \u00abMe van a acusar porque debo, no porque robo\u00bb"},"content":{"rendered":"<p>\u00abMe van acusar porque debo, no porque robo\u00bb, se\u00f1al\u00f3 esta ma\u00f1ana en declaraciones a la 1080 am, el senador colorado Basilio &#8216;Bachi&#8217; N\u00fa\u00f1ez tras la orden de remate de sus bienes por una deuda que mantiene con la Cooperativa San Crist\u00f3bal.<!--more--><\/p>\n<p>Esto, luego de que el juez en los Civil, Guillermo Trovato, ordenara el remate de los bienes del senador colorado hasta cubrir una deuda de G. 1.020.497.167 que mantiene con la mencionada Cooperativa.<\/p>\n<p>\u00abSoy uno de los paraguayos que fue golpeado por la pandemia\u00bb destac\u00f3 y agreg\u00f3, \u00abes m\u00e1s, no tuve pr\u00e9stamos especiales\u00bb<\/p>\n<p>Manifest\u00f3 que su deuda tom\u00f3 estado p\u00fablico porque se filtr\u00f3 en el gobierno anterior. Y aclar\u00f3, rotundamente, que no apelar\u00e1 el caso, es decir, esperar\u00e1 la ejecuci\u00f3n del embargo de sus bienes.<\/p>\n<p>Mencion\u00f3 que hasta tuvo ofrecimientos de personas para pagar su deuda: \u00abNo te dir\u00e9 qui\u00e9nes son, pero son personas de afuera. Pero yo no necesito ayuda, estoy en condiciones de honrar y hacerme responsable de esto\u00bb, sentenci\u00f3 en declaraciones a Monumental.<\/p>\n","protected":false},"excerpt":{"rendered":"<p>\u00abMe van acusar porque debo, no porque robo\u00bb, se\u00f1al\u00f3 esta ma\u00f1ana en declaraciones a la 1080 am, el senador colorado Basilio &#8216;Bachi&#8217; N\u00fa\u00f1ez tras la orden de remate de sus&hellip; <\/p>\n","protected":false},"author":1,"featured_media":62707,"comment_status":"closed","ping_status":"open","sticky":false,"template":"","format":"standard","meta":{"sfsi_plus_gutenberg_text_before_share":"","sfsi_plus_gutenberg_show_text_before_share":"","sfsi_plus_gutenberg_icon_type":"","sfsi_plus_gutenberg_icon_alignemt":"","sfsi_plus_gutenburg_max_per_row":"","footnotes":"","_jetpack_memberships_contains_paid_content":false,"jetpack_publicize_message":"","jetpack_publicize_feature_enabled":true,"jetpack_social_post_already_shared":true,"jetpack_social_options":{"image_generator_settings":{"template":"highway","enabled":false},"version":2}},"categories":[2],"tags":[],"jetpack_publicize_connections":[],"jetpack_sharing_enabled":true,"jetpack_featured_media_url":"https:\/\/agendaparaguay.com\/v2\/wp-content\/uploads\/2024\/02\/basilio_bachi.jpg","_links":{"self":[{"href":"https:\/\/agendaparaguay.com\/v2\/wp-json\/wp\/v2\/posts\/63311"}],"collection":[{"href":"https:\/\/agendaparaguay.com\/v2\/wp-json\/wp\/v2\/posts"}],"about":[{"href":"https:\/\/agendaparaguay.com\/v2\/wp-json\/wp\/v2\/types\/post"}],"author":[{"embeddable":true,"href":"https:\/\/agendaparaguay.com\/v2\/wp-json\/wp\/v2\/users\/1"}],"replies":[{"embeddable":true,"href":"https:\/\/agendaparaguay.com\/v2\/wp-json\/wp\/v2\/comments?post=63311"}],"version-history":[{"count":1,"href":"https:\/\/agendaparaguay.com\/v2\/wp-json\/wp\/v2\/posts\/63311\/revisions"}],"predecessor-version":[{"id":63312,"href":"https:\/\/agendaparaguay.com\/v2\/wp-json\/wp\/v2\/posts\/63311\/revisions\/63312"}],"wp:featuredmedia":[{"embeddable":true,"href":"https:\/\/agendaparaguay.com\/v2\/wp-json\/wp\/v2\/media\/62707"}],"wp:attachment":[{"href":"https:\/\/agendaparaguay.com\/v2\/wp-json\/wp\/v2\/media?parent=63311"}],"wp:term":[{"taxonomy":"category","embeddable":true,"href":"https:\/\/agendaparaguay.com\/v2\/wp-json\/wp\/v2\/categories?post=63311"},{"taxonomy":"post_tag","embeddable":true,"href":"https:\/\/agendaparaguay.com\/v2\/wp-json\/wp\/v2\/tags?post=63311"}],"curies":[{"name":"wp","href":"https:\/\/api.w.org\/{rel}","templated":true}]}}