{"id":63320,"date":"2024-03-19T13:00:59","date_gmt":"2024-03-19T16:00:59","guid":{"rendered":"https:\/\/agendaparaguay.com\/v2\/?p=63320"},"modified":"2024-03-19T16:45:58","modified_gmt":"2024-03-19T19:45:58","slug":"pena-suspende-habilitacion-de-nuevas-estaciones-de-servicios-por-5-anos","status":"publish","type":"post","link":"https:\/\/agendaparaguay.com\/v2\/2024\/03\/19\/pena-suspende-habilitacion-de-nuevas-estaciones-de-servicios-por-5-anos\/","title":{"rendered":"Pe\u00f1a suspende habilitaci\u00f3n de nuevas estaciones de servicios por 5 a\u00f1os"},"content":{"rendered":"<p style=\"text-align: justify;\">El Gobierno Nacional, a trav\u00e9s del Ministerio del Ambiente, anunci\u00f3 este martes la suspensi\u00f3n, por 60 meses, de las concesiones de declaraci\u00f3n de impacto ambiental para la instalaci\u00f3n de nuevas estaciones de servicios en zonas urbanas de todo el pa\u00eds.<!--more--><\/p>\n<p style=\"text-align: justify;\">As\u00ed lo confirm\u00f3 este martes el titular del Ministerio del Ambiente y Desarrollo Social (Mades) Rolando de Barros Barreto, luego de una reuni\u00f3n que mantuvo con el presidente de la Rep\u00fablica, Santiago Pe\u00f1a.<\/p>\n<p>De esta forma por Decreto N\u00ba 1.400 del Poder Ejecutivo, se suspende por 60 meses las concesiones de declaraciones de impacto ambiental para la habilitaci\u00f3n de nuevas estaciones de servicios y afines en zonas urbanas, a los efectos de cuidar el medio ambiente, la salud, la seguridad y el bienestar de todos los paraguayos y paraguayas, argument\u00f3 el ministro.<\/p>\n<p style=\"text-align: justify;\">\u201cEsta decisi\u00f3n fue tomada luego de pr\u00e1cticamente seis meses de haber asumido esta cartera de Estado y conversando con el presidente de la Rep\u00fablica, Santiago Pe\u00f1a, conversando y escuchando el clamor de la ciudadan\u00eda, a los mismos propietarios de estaciones de servicios, ya que tenemos un problema de contaminaci\u00f3n del aire, suelo y nuestros recursos h\u00eddricos\u201d, explic\u00f3.<\/p>\n<p style=\"text-align: justify;\">Indic\u00f3 que el mandato de suspensi\u00f3n para habilitaci\u00f3n de nuevas estaciones de servicio permitir\u00e1 realizar un an\u00e1lisis integral de los impactos que el crecimiento exponecial de estas actividad ha causado en los recursos naturales en el pa\u00eds, as\u00ed como el riesgo que implica en la salud y seguridad de las personas.<\/p>\n<p style=\"text-align: justify;\">La disposici\u00f3n empieza a regir desde hoy \u00abcon efecto inmediato y vinculante\u00bb, precis\u00f3 el ministro del Mades.<\/p>\n<p style=\"text-align: justify;\">Requerido sobre la cantidad de estaciones de servicios instaladas en el pa\u00eds, indic\u00f3 que lo recomendable por los organismos internacionales es de uno por cada 12.000 a 13.000 habitantes, sin embargo en Paraguay se tiene un local por cada 3.000 habitantes. \u201cEntonces la diferencia que tenemos es importante\u201d, admiti\u00f3.<\/p>\n<p style=\"text-align: justify;\">Por otro lado, el secretario de Estado mencion\u00f3 que muchas regulaciones existentes que tienen que ver con las normas de calidad y seguridad fueron atacadas por medidas judiciales y en ese contexto, adelant\u00f3 que el Mades va a reflotar dichas exigencias para justamente disminuir los riesgos en la salud humana, seguridad ocupacional y la protecci\u00f3n de los recursos h\u00eddricos.<\/p>\n<p style=\"text-align: justify;\">\u201cVamos a tener una mesa interinstitucional para comunicar todos los procesos que se van a llevar a cabo desde la vigencia de este Decreto; para que la justicia tambi\u00e9n pueda obrar conforma a derecho en pos de la protecci\u00f3n de los recursos naturales, de la mejora en la calidad de vida de los ciudadanos. Sobre todo, que una medida judicial no afecte el procedimiento y la aplicaci\u00f3n de este Decreto y otras normativas que vamos a ir expidiendo como Ministerio del Ambiente\u201d, sentenci\u00f3.Fuente: Ip<\/p>\n","protected":false},"excerpt":{"rendered":"<p>El Gobierno Nacional, a trav\u00e9s del Ministerio del Ambiente, anunci\u00f3 este martes la suspensi\u00f3n, por 60 meses, de las concesiones de declaraci\u00f3n de impacto ambiental para la instalaci\u00f3n de nuevas&hellip; <\/p>\n","protected":false},"author":1,"featured_media":14698,"comment_status":"closed","ping_status":"open","sticky":false,"template":"","format":"standard","meta":{"sfsi_plus_gutenberg_text_before_share":"","sfsi_plus_gutenberg_show_text_before_share":"","sfsi_plus_gutenberg_icon_type":"","sfsi_plus_gutenberg_icon_alignemt":"","sfsi_plus_gutenburg_max_per_row":"","footnotes":"","_jetpack_memberships_contains_paid_content":false,"jetpack_publicize_message":"","jetpack_publicize_feature_enabled":true,"jetpack_social_post_already_shared":true,"jetpack_social_options":{"image_generator_settings":{"template":"highway","enabled":false},"version":2}},"categories":[2],"tags":[],"jetpack_publicize_connections":[],"jetpack_sharing_enabled":true,"jetpack_featured_media_url":"https:\/\/agendaparaguay.com\/v2\/wp-content\/uploads\/2019\/11\/estacion_de_servicios.jpeg","_links":{"self":[{"href":"https:\/\/agendaparaguay.com\/v2\/wp-json\/wp\/v2\/posts\/63320"}],"collection":[{"href":"https:\/\/agendaparaguay.com\/v2\/wp-json\/wp\/v2\/posts"}],"about":[{"href":"https:\/\/agendaparaguay.com\/v2\/wp-json\/wp\/v2\/types\/post"}],"author":[{"embeddable":true,"href":"https:\/\/agendaparaguay.com\/v2\/wp-json\/wp\/v2\/users\/1"}],"replies":[{"embeddable":true,"href":"https:\/\/agendaparaguay.com\/v2\/wp-json\/wp\/v2\/comments?post=63320"}],"version-history":[{"count":1,"href":"https:\/\/agendaparaguay.com\/v2\/wp-json\/wp\/v2\/posts\/63320\/revisions"}],"predecessor-version":[{"id":63321,"href":"https:\/\/agendaparaguay.com\/v2\/wp-json\/wp\/v2\/posts\/63320\/revisions\/63321"}],"wp:featuredmedia":[{"embeddable":true,"href":"https:\/\/agendaparaguay.com\/v2\/wp-json\/wp\/v2\/media\/14698"}],"wp:attachment":[{"href":"https:\/\/agendaparaguay.com\/v2\/wp-json\/wp\/v2\/media?parent=63320"}],"wp:term":[{"taxonomy":"category","embeddable":true,"href":"https:\/\/agendaparaguay.com\/v2\/wp-json\/wp\/v2\/categories?post=63320"},{"taxonomy":"post_tag","embeddable":true,"href":"https:\/\/agendaparaguay.com\/v2\/wp-json\/wp\/v2\/tags?post=63320"}],"curies":[{"name":"wp","href":"https:\/\/api.w.org\/{rel}","templated":true}]}}