{"id":63402,"date":"2024-03-21T11:43:18","date_gmt":"2024-03-21T14:43:18","guid":{"rendered":"https:\/\/agendaparaguay.com\/v2\/?p=63402"},"modified":"2024-03-21T12:58:24","modified_gmt":"2024-03-21T15:58:24","slug":"bachi-no-hay-votos-para-desaforar-a-marito","status":"publish","type":"post","link":"https:\/\/agendaparaguay.com\/v2\/2024\/03\/21\/bachi-no-hay-votos-para-desaforar-a-marito\/","title":{"rendered":"\u00abBachi\u00bb: \u00abNo hay votos para desaforar a Marito\u00bb"},"content":{"rendered":"<p>El l\u00edder de la bancada de Honor Colorado, senador Basilio N\u00fa\u00f1ez dijo que \u00abno hay votos\u00bb para aprobar el pedido de la justicia sobre el desafuero del expresidente de la rep\u00fablica, Mario Abdo Ben\u00edtez.<!--more--><\/p>\n<p>El legislador cuestion\u00f3 sin embargo la intenci\u00f3n de un sector de \u00abblindar\u00bb al exmandatario y de impedir a la Justicia que contin\u00fae con la investigaci\u00f3n.<\/p>\n<p>\u00abPara m\u00ed no existen los votos para el desafuero, pero tampoco existen los votos para enviar al archivo\u00bb, destac\u00f3 N\u00fa\u00f1ez.<\/p>\n<p>\u00abSe necesitan 30 votos para aprobar el desafuero y 23 para devolver a comisi\u00f3n\u00bb, agreg\u00f3, al tiempo de confirmar que su bloque plantear\u00e1 que el documento sea devuelto a Comisi\u00f3n, donde se enviar\u00eda \u00absine d\u00ede\u00bb, es decir, sin fecha de tratamiento.<\/p>\n<p>\u00abLa justicia tiene que actuar, por qu\u00e9 blindarle a un sector y no a otro. Por qu\u00e9 no liberamos a todos y que la justicia cumpla su funci\u00f3n\u00bb.<\/p>\n<p>De esta forma, N\u00fa\u00f1ez reconoce que su bancada no logr\u00f3 consensuar con los dem\u00e1s sectores para aprobar el pedido de desafuero.<\/p>\n<p>El legislador aclar\u00f3 que \u00e9l personalmente \u00abno oper\u00f3\u00bb para juntar los dos tercios requeridos.<\/p>\n","protected":false},"excerpt":{"rendered":"<p>El l\u00edder de la bancada de Honor Colorado, senador Basilio N\u00fa\u00f1ez dijo que \u00abno hay votos\u00bb para aprobar el pedido de la justicia sobre el desafuero del expresidente de la&hellip; <\/p>\n","protected":false},"author":1,"featured_media":61348,"comment_status":"closed","ping_status":"open","sticky":false,"template":"","format":"standard","meta":{"sfsi_plus_gutenberg_text_before_share":"","sfsi_plus_gutenberg_show_text_before_share":"","sfsi_plus_gutenberg_icon_type":"","sfsi_plus_gutenberg_icon_alignemt":"","sfsi_plus_gutenburg_max_per_row":"","footnotes":"","_jetpack_memberships_contains_paid_content":false,"jetpack_publicize_message":"","jetpack_publicize_feature_enabled":true,"jetpack_social_post_already_shared":true,"jetpack_social_options":{"image_generator_settings":{"template":"highway","enabled":false},"version":2}},"categories":[3],"tags":[],"jetpack_publicize_connections":[],"jetpack_sharing_enabled":true,"jetpack_featured_media_url":"https:\/\/agendaparaguay.com\/v2\/wp-content\/uploads\/2024\/01\/basilio_nunez_bachi.jpg","_links":{"self":[{"href":"https:\/\/agendaparaguay.com\/v2\/wp-json\/wp\/v2\/posts\/63402"}],"collection":[{"href":"https:\/\/agendaparaguay.com\/v2\/wp-json\/wp\/v2\/posts"}],"about":[{"href":"https:\/\/agendaparaguay.com\/v2\/wp-json\/wp\/v2\/types\/post"}],"author":[{"embeddable":true,"href":"https:\/\/agendaparaguay.com\/v2\/wp-json\/wp\/v2\/users\/1"}],"replies":[{"embeddable":true,"href":"https:\/\/agendaparaguay.com\/v2\/wp-json\/wp\/v2\/comments?post=63402"}],"version-history":[{"count":1,"href":"https:\/\/agendaparaguay.com\/v2\/wp-json\/wp\/v2\/posts\/63402\/revisions"}],"predecessor-version":[{"id":63403,"href":"https:\/\/agendaparaguay.com\/v2\/wp-json\/wp\/v2\/posts\/63402\/revisions\/63403"}],"wp:featuredmedia":[{"embeddable":true,"href":"https:\/\/agendaparaguay.com\/v2\/wp-json\/wp\/v2\/media\/61348"}],"wp:attachment":[{"href":"https:\/\/agendaparaguay.com\/v2\/wp-json\/wp\/v2\/media?parent=63402"}],"wp:term":[{"taxonomy":"category","embeddable":true,"href":"https:\/\/agendaparaguay.com\/v2\/wp-json\/wp\/v2\/categories?post=63402"},{"taxonomy":"post_tag","embeddable":true,"href":"https:\/\/agendaparaguay.com\/v2\/wp-json\/wp\/v2\/tags?post=63402"}],"curies":[{"name":"wp","href":"https:\/\/api.w.org\/{rel}","templated":true}]}}