{"id":6345,"date":"2019-03-25T15:40:41","date_gmt":"2019-03-25T19:40:41","guid":{"rendered":"http:\/\/agendaparaguay.com\/v2\/?p=6345"},"modified":"2019-03-25T14:45:10","modified_gmt":"2019-03-25T18:45:10","slug":"caso-metrobus-diputados-debe-confirmar-si-se-integra-comision-de-investigacion","status":"publish","type":"post","link":"https:\/\/agendaparaguay.com\/v2\/2019\/03\/25\/caso-metrobus-diputados-debe-confirmar-si-se-integra-comision-de-investigacion\/","title":{"rendered":"Caso Metrobus: Diputados debe confirmar si se integra comisi\u00f3n de investigaci\u00f3n"},"content":{"rendered":"<p style=\"text-align: justify;\">A iniciativa de los senadores Amado Florent\u00edn, Jos\u00e9 Ledezma y Abel Gonz\u00e1lez, el pleno del senado aprob\u00f3 durante su \u00faltima sesi\u00f3n la creaci\u00f3n de una comisi\u00f3n bicameral de investigaci\u00f3n que tendr\u00e1 a su cargo la revisi\u00f3n de todo lo que hace al proyecto Metrobus, a fin de determinar la responsabilidad de las partes en el fracasado proyecto y el da\u00f1o econ\u00f3mico causado tanto al estado como a los frentistas.<!--more--><\/p>\n<p style=\"text-align: justify;\">El documento ser\u00e1 analizado esta semana en la c\u00e1mara de diputados que decidir\u00e1 si aprueba o no la iniciativa del Senado y posteriormente ambas c\u00e1maras iniciar\u00e1n las reuniones previa integraci\u00f3n de la comisi\u00f3n.<\/p>\n<p style=\"text-align: justify;\">La idea es que en 60 d\u00edas se tenga informaci\u00f3n certera sobre el proyecto, de modo a que si hallan responsabilidad sobre posible da\u00f1o patrimonial, se pueda pedir la intervenci\u00f3n del ministerio p\u00fablico.<\/p>\n<p style=\"text-align: justify;\">Cabe destacar que la intenci\u00f3n del Ejecutivo es dar continuidad a las obras, aunque hasta el momento no se pudo responder a las denuncias planteadas por los principales afectados, es decir, los frentistas.<\/p>\n","protected":false},"excerpt":{"rendered":"<p>A iniciativa de los senadores Amado Florent\u00edn, Jos\u00e9 Ledezma y Abel Gonz\u00e1lez, el pleno del senado aprob\u00f3 durante su \u00faltima sesi\u00f3n la creaci\u00f3n de una comisi\u00f3n bicameral de investigaci\u00f3n que&hellip; <\/p>\n","protected":false},"author":1,"featured_media":6346,"comment_status":"open","ping_status":"open","sticky":false,"template":"","format":"standard","meta":{"sfsi_plus_gutenberg_text_before_share":"","sfsi_plus_gutenberg_show_text_before_share":"","sfsi_plus_gutenberg_icon_type":"","sfsi_plus_gutenberg_icon_alignemt":"","sfsi_plus_gutenburg_max_per_row":"","footnotes":"","_jetpack_memberships_contains_paid_content":false,"jetpack_publicize_message":"","jetpack_publicize_feature_enabled":true,"jetpack_social_post_already_shared":false,"jetpack_social_options":{"image_generator_settings":{"template":"highway","enabled":false},"version":2}},"categories":[4,3],"tags":[],"jetpack_publicize_connections":[],"jetpack_sharing_enabled":true,"jetpack_featured_media_url":"https:\/\/agendaparaguay.com\/v2\/wp-content\/uploads\/2019\/03\/metrobus2018.jpg","_links":{"self":[{"href":"https:\/\/agendaparaguay.com\/v2\/wp-json\/wp\/v2\/posts\/6345"}],"collection":[{"href":"https:\/\/agendaparaguay.com\/v2\/wp-json\/wp\/v2\/posts"}],"about":[{"href":"https:\/\/agendaparaguay.com\/v2\/wp-json\/wp\/v2\/types\/post"}],"author":[{"embeddable":true,"href":"https:\/\/agendaparaguay.com\/v2\/wp-json\/wp\/v2\/users\/1"}],"replies":[{"embeddable":true,"href":"https:\/\/agendaparaguay.com\/v2\/wp-json\/wp\/v2\/comments?post=6345"}],"version-history":[{"count":1,"href":"https:\/\/agendaparaguay.com\/v2\/wp-json\/wp\/v2\/posts\/6345\/revisions"}],"predecessor-version":[{"id":6347,"href":"https:\/\/agendaparaguay.com\/v2\/wp-json\/wp\/v2\/posts\/6345\/revisions\/6347"}],"wp:featuredmedia":[{"embeddable":true,"href":"https:\/\/agendaparaguay.com\/v2\/wp-json\/wp\/v2\/media\/6346"}],"wp:attachment":[{"href":"https:\/\/agendaparaguay.com\/v2\/wp-json\/wp\/v2\/media?parent=6345"}],"wp:term":[{"taxonomy":"category","embeddable":true,"href":"https:\/\/agendaparaguay.com\/v2\/wp-json\/wp\/v2\/categories?post=6345"},{"taxonomy":"post_tag","embeddable":true,"href":"https:\/\/agendaparaguay.com\/v2\/wp-json\/wp\/v2\/tags?post=6345"}],"curies":[{"name":"wp","href":"https:\/\/api.w.org\/{rel}","templated":true}]}}