{"id":63621,"date":"2024-04-01T14:34:53","date_gmt":"2024-04-01T18:34:53","guid":{"rendered":"https:\/\/agendaparaguay.com\/v2\/?p=63621"},"modified":"2024-04-02T06:03:13","modified_gmt":"2024-04-02T10:03:13","slug":"campana-de-vacunacion-invierno-2024-arranca-este-miercoles-con-dosis-contra-influenza-y-covid-19","status":"publish","type":"post","link":"https:\/\/agendaparaguay.com\/v2\/2024\/04\/01\/campana-de-vacunacion-invierno-2024-arranca-este-miercoles-con-dosis-contra-influenza-y-covid-19\/","title":{"rendered":"Campa\u00f1a de Vacunaci\u00f3n Invierno 2024 arranca este mi\u00e9rcoles con dosis contra influenza y covid-19"},"content":{"rendered":"<p style=\"text-align: justify;\">El Programa Ampliado de Inmunizaci\u00f3n (PAI) iniciar\u00e1 este mi\u00e9rcoles 3 de abril su campa\u00f1a de vacunaci\u00f3n anual contra la influenza y el covid-19. Su director, Huho Cosirat, insta a toda la ciudadan\u00eda a la vacunaci\u00f3n preventiva.<!--more--><\/p>\n<p style=\"text-align: justify;\">Las dosis contra la influenza y el covid-19 ya est\u00e1n disponibles en todos los vacunatorios y las mismas est\u00e1n indicadas para todas las personas desde los seis meses de edad.<\/p>\n<p style=\"text-align: justify;\">El director record\u00f3 la importancia de la vacunaci\u00f3n preventiva: \u00abestamos hablando de que en esta temporada de invierno va a haber un aumento en la circulaci\u00f3n de los virus respiratorios\u00bb, dijo a Paraguay TV y se\u00f1al\u00f3 que adem\u00e1s de la influenza, es necesaria la vacunaci\u00f3n contra el covid-19.<\/p>\n<p style=\"text-align: justify;\">En lo que va del a\u00f1o se contabilizan 66 fallecidos por covid-19. En los vacunatorios habilitados las personas podr\u00e1n aplicarse las vacunas contra ambas enfermedades en una misma visita.<\/p>\n<p style=\"text-align: justify;\">\u00abEs muy importante estar preparados por los menos dos semanas antes\u00bb, que es el tiempo para que el cuerpo produzca los anticuerpos se\u00f1al\u00f3 Cousirat. La \u00fanica contraindicaci\u00f3n es no tener cuadros de fiebre al momento de la aplicaci\u00f3n de las vacunas.<\/p>\n<p style=\"text-align: justify;\">La campa\u00f1a se extender\u00e1 hasta el 21 de julio de 2024 y desde el PAI tambi\u00e9n se prev\u00e9 la instalaci\u00f3n de puestos vacunatorios en sitios de mucha concurrencia de p\u00fablico, como centros comerciales y eventos.<\/p>\n","protected":false},"excerpt":{"rendered":"<p>El Programa Ampliado de Inmunizaci\u00f3n (PAI) iniciar\u00e1 este mi\u00e9rcoles 3 de abril su campa\u00f1a de vacunaci\u00f3n anual contra la influenza y el covid-19. Su director, Huho Cosirat, insta a toda&hellip; <\/p>\n","protected":false},"author":1,"featured_media":53533,"comment_status":"closed","ping_status":"open","sticky":false,"template":"","format":"standard","meta":{"sfsi_plus_gutenberg_text_before_share":"","sfsi_plus_gutenberg_show_text_before_share":"","sfsi_plus_gutenberg_icon_type":"","sfsi_plus_gutenberg_icon_alignemt":"","sfsi_plus_gutenburg_max_per_row":"","footnotes":"","_jetpack_memberships_contains_paid_content":false,"jetpack_publicize_message":"","jetpack_publicize_feature_enabled":true,"jetpack_social_post_already_shared":true,"jetpack_social_options":{"image_generator_settings":{"template":"highway","enabled":false},"version":2}},"categories":[5],"tags":[],"jetpack_publicize_connections":[],"jetpack_sharing_enabled":true,"jetpack_featured_media_url":"https:\/\/agendaparaguay.com\/v2\/wp-content\/uploads\/2023\/04\/campana_vacunacion.jpg","_links":{"self":[{"href":"https:\/\/agendaparaguay.com\/v2\/wp-json\/wp\/v2\/posts\/63621"}],"collection":[{"href":"https:\/\/agendaparaguay.com\/v2\/wp-json\/wp\/v2\/posts"}],"about":[{"href":"https:\/\/agendaparaguay.com\/v2\/wp-json\/wp\/v2\/types\/post"}],"author":[{"embeddable":true,"href":"https:\/\/agendaparaguay.com\/v2\/wp-json\/wp\/v2\/users\/1"}],"replies":[{"embeddable":true,"href":"https:\/\/agendaparaguay.com\/v2\/wp-json\/wp\/v2\/comments?post=63621"}],"version-history":[{"count":1,"href":"https:\/\/agendaparaguay.com\/v2\/wp-json\/wp\/v2\/posts\/63621\/revisions"}],"predecessor-version":[{"id":63622,"href":"https:\/\/agendaparaguay.com\/v2\/wp-json\/wp\/v2\/posts\/63621\/revisions\/63622"}],"wp:featuredmedia":[{"embeddable":true,"href":"https:\/\/agendaparaguay.com\/v2\/wp-json\/wp\/v2\/media\/53533"}],"wp:attachment":[{"href":"https:\/\/agendaparaguay.com\/v2\/wp-json\/wp\/v2\/media?parent=63621"}],"wp:term":[{"taxonomy":"category","embeddable":true,"href":"https:\/\/agendaparaguay.com\/v2\/wp-json\/wp\/v2\/categories?post=63621"},{"taxonomy":"post_tag","embeddable":true,"href":"https:\/\/agendaparaguay.com\/v2\/wp-json\/wp\/v2\/tags?post=63621"}],"curies":[{"name":"wp","href":"https:\/\/api.w.org\/{rel}","templated":true}]}}