{"id":6371,"date":"2019-03-26T08:10:19","date_gmt":"2019-03-26T12:10:19","guid":{"rendered":"http:\/\/agendaparaguay.com\/v2\/?p=6371"},"modified":"2019-03-26T08:15:54","modified_gmt":"2019-03-26T12:15:54","slug":"varias-denuncias-contra-candidato-a-defensor-general","status":"publish","type":"post","link":"https:\/\/agendaparaguay.com\/v2\/2019\/03\/26\/varias-denuncias-contra-candidato-a-defensor-general\/","title":{"rendered":"Varias denuncias contra candidato a Defensor General"},"content":{"rendered":"<p style=\"text-align: justify;\">El ex defensor adjunto del pueblo, Edgar Villalba present\u00f3 impugnaci\u00f3n contra la candidatura a Defensor P\u00fablico, de V\u00edctor Fretes sobre quien pesa una serie de denuncias por supuestas \u201cirregularidades cometidas durante el ejercicio de la funci\u00f3n p\u00fablica\u201d, y cuenta adem\u00e1s de una demanda civil. Contar\u00eda con el respaldo del titular del Partido Liberal Efra\u00edn Alegre, por lo que tendr\u00eda grandes chances de integrar la terna.<!--more--><\/p>\n<p style=\"text-align: justify;\">Edgar Villalba pidi\u00f3 al Consejo de la Magistratura, la descalificaci\u00f3n de Fretes, ya que el organismo deber\u00e1 integrar la terna y remitir a la Corte Suprema de Justicia para el pleno de la m\u00e1xima instancia judicial elija al pr\u00f3ximo Ministro de la Defensa P\u00fablica.<\/p>\n<p style=\"text-align: justify;\">Otro dato llamativo que afecta al candidato es que en el 2006, tanto \u00e9l como su actual pareja, Katia Laterra, hab\u00edan sido imputados seg\u00fan una denuncia, por un presunto desv\u00edo de 182 millones de guaran\u00edes de la Gobernaci\u00f3n de Alto Paraguay. Laterra era en ese entonces auditora y Fretes asesor del Gobernador Erasmo Rodr\u00edguez. Se menciona igualmente que habr\u00edan cobrado cada uno de manera irregular adem\u00e1s del salario, unos 8 millones de guaran\u00edes por mes.<\/p>\n<p style=\"text-align: justify;\">Adem\u00e1s Fretes y su pareja Laterra hab\u00edan sido procesados en el 2006 por apropiaci\u00f3n en un caso de cobro ilegal de impuestos en perjuicio de la Municipalidad de Fuerte Olimpo, el caso estaba a cargo del Fiscal de Concepci\u00f3n Fabio Caba\u00f1as.<\/p>\n<p style=\"text-align: justify;\">Igualmente, el abogado Amelio Calonga present\u00f3 una demanda civil contra Fretes, por una deuda de G. 38.000.000, en concepto de alquiler de un local comercial en Caacup\u00e9, seg\u00fan consta en el expediente.<\/p>\n<p><img loading=\"lazy\" decoding=\"async\" class=\"alignnone size-full wp-image-6374\" src=\"http:\/\/agendaparaguay.com\/v2\/wp-content\/uploads\/2019\/03\/demanda_1.png\" alt=\"\" width=\"800\" height=\"459\" srcset=\"https:\/\/agendaparaguay.com\/v2\/wp-content\/uploads\/2019\/03\/demanda_1.png 800w, https:\/\/agendaparaguay.com\/v2\/wp-content\/uploads\/2019\/03\/demanda_1-300x172.png 300w, https:\/\/agendaparaguay.com\/v2\/wp-content\/uploads\/2019\/03\/demanda_1-768x441.png 768w\" sizes=\"(max-width: 800px) 100vw, 800px\" \/><\/p>\n","protected":false},"excerpt":{"rendered":"<p>El ex defensor adjunto del pueblo, Edgar Villalba present\u00f3 impugnaci\u00f3n contra la candidatura a Defensor P\u00fablico, de V\u00edctor Fretes sobre quien pesa una serie de denuncias por supuestas \u201cirregularidades cometidas&hellip; <\/p>\n","protected":false},"author":1,"featured_media":6372,"comment_status":"open","ping_status":"open","sticky":false,"template":"","format":"standard","meta":{"sfsi_plus_gutenberg_text_before_share":"","sfsi_plus_gutenberg_show_text_before_share":"","sfsi_plus_gutenberg_icon_type":"","sfsi_plus_gutenberg_icon_alignemt":"","sfsi_plus_gutenburg_max_per_row":"","footnotes":"","_jetpack_memberships_contains_paid_content":false,"jetpack_publicize_message":"","jetpack_publicize_feature_enabled":true,"jetpack_social_post_already_shared":false,"jetpack_social_options":{"image_generator_settings":{"template":"highway","enabled":false},"version":2}},"categories":[2],"tags":[],"jetpack_publicize_connections":[],"jetpack_sharing_enabled":true,"jetpack_featured_media_url":"https:\/\/agendaparaguay.com\/v2\/wp-content\/uploads\/2019\/03\/victor_fretes.jpg","_links":{"self":[{"href":"https:\/\/agendaparaguay.com\/v2\/wp-json\/wp\/v2\/posts\/6371"}],"collection":[{"href":"https:\/\/agendaparaguay.com\/v2\/wp-json\/wp\/v2\/posts"}],"about":[{"href":"https:\/\/agendaparaguay.com\/v2\/wp-json\/wp\/v2\/types\/post"}],"author":[{"embeddable":true,"href":"https:\/\/agendaparaguay.com\/v2\/wp-json\/wp\/v2\/users\/1"}],"replies":[{"embeddable":true,"href":"https:\/\/agendaparaguay.com\/v2\/wp-json\/wp\/v2\/comments?post=6371"}],"version-history":[{"count":4,"href":"https:\/\/agendaparaguay.com\/v2\/wp-json\/wp\/v2\/posts\/6371\/revisions"}],"predecessor-version":[{"id":6377,"href":"https:\/\/agendaparaguay.com\/v2\/wp-json\/wp\/v2\/posts\/6371\/revisions\/6377"}],"wp:featuredmedia":[{"embeddable":true,"href":"https:\/\/agendaparaguay.com\/v2\/wp-json\/wp\/v2\/media\/6372"}],"wp:attachment":[{"href":"https:\/\/agendaparaguay.com\/v2\/wp-json\/wp\/v2\/media?parent=6371"}],"wp:term":[{"taxonomy":"category","embeddable":true,"href":"https:\/\/agendaparaguay.com\/v2\/wp-json\/wp\/v2\/categories?post=6371"},{"taxonomy":"post_tag","embeddable":true,"href":"https:\/\/agendaparaguay.com\/v2\/wp-json\/wp\/v2\/tags?post=6371"}],"curies":[{"name":"wp","href":"https:\/\/api.w.org\/{rel}","templated":true}]}}