{"id":63814,"date":"2024-04-09T09:30:33","date_gmt":"2024-04-09T13:30:33","guid":{"rendered":"https:\/\/agendaparaguay.com\/v2\/?p=63814"},"modified":"2024-04-09T13:07:51","modified_gmt":"2024-04-09T17:07:51","slug":"hay-voluntad-de-blindar-presupuesto-de-arancel-cero-segun-titular-de-diputados","status":"publish","type":"post","link":"https:\/\/agendaparaguay.com\/v2\/2024\/04\/09\/hay-voluntad-de-blindar-presupuesto-de-arancel-cero-segun-titular-de-diputados\/","title":{"rendered":"Hay voluntad de blindar presupuesto de Arancel Cero, seg\u00fan titular de Diputados"},"content":{"rendered":"<p style=\"text-align: justify;\">El presidente de Diputados, Ra\u00fal Latorre expres\u00f3 su firme compromiso con el blindaje del proyecto de Arancel Cero en el Congreso Nacional, y destac\u00f3 la voluntad del presidente Santiago Pe\u00f1a y otros voceros del gobierno de mantener esta pol\u00edtica p\u00fablica.<!--more--><\/p>\n<p style=\"text-align: justify;\">Las declaraciones fueron vertidas luego de que el diputado Hugo Meza presentara el proyecto de ley \u00abQue crea el Fondo nacional para la cobertura de la Ley No. 6628\/2020 -Arancel Cero\u00bb,<\/p>\n<p style=\"text-align: justify;\">Latorre personaliz\u00f3 su apoyo al proyecto recordando su participaci\u00f3n en movilizaciones estudiantiles en favor de la aprobaci\u00f3n del Arancel Cero, en aquellos tiempos, cuando se desempe\u00f1aba como presidente del Centro de Estudiantes de Medicina de la Universidad Nacional de Asunci\u00f3n y en la Federaci\u00f3n de Estudiantes de la UNA.<\/p>\n<p style=\"text-align: justify;\">\u201cLo que pretendemos es una educaci\u00f3n terciaria de calidad, basada en el m\u00e9rito donde el poder adquisitivo no sea un condicionante\u201d, signific\u00f3 el parlamentario.<\/p>\n<p style=\"text-align: justify;\">Se\u00f1al\u00f3 que la propuesta de blindaje del Arancel Cero, que fue recibida de la Universidad Nacional de Asunci\u00f3n, fue incorporada en la versi\u00f3n aprobada en la C\u00e1mara de Diputados, que luego fue ratificada por la C\u00e1mara de Senadores y promulgada por el Poder Ejecutivo, con solo una modificaci\u00f3n m\u00ednima.<\/p>\n<p style=\"text-align: justify;\">Subray\u00f3 la importancia de garantizar la continuidad de esta pol\u00edtica p\u00fablica, y en ese sentido mencion\u00f3 la predisposici\u00f3n de la C\u00e1mara de Diputados y del diputado Hugo Meza para contribuir, desde la plataforma legislativa, en este sentido, aunque se reserv\u00f3 su opini\u00f3n sobre el proyecto hasta leerlo detenidamente.<\/p>\n<p style=\"text-align: justify;\">En cuanto a las protestas estudiantiles y las declaraciones del ministro de Econom\u00eda y Finanzas y otros funcionarios del gobierno, el presidente Latorre afirm\u00f3 no haberlas escuchado, detenidamente, pero dijo percibir una sincera voluntad, tanto de la C\u00e1mara de Diputados, como del Poder Ejecutivo para brindar tranquilidad a los estudiantes respecto a la continuidad de la pol\u00edtica de Arancel Cero.<\/p>\n","protected":false},"excerpt":{"rendered":"<p>El presidente de Diputados, Ra\u00fal Latorre expres\u00f3 su firme compromiso con el blindaje del proyecto de Arancel Cero en el Congreso Nacional, y destac\u00f3 la voluntad del presidente Santiago Pe\u00f1a&hellip; <\/p>\n","protected":false},"author":1,"featured_media":56648,"comment_status":"closed","ping_status":"open","sticky":false,"template":"","format":"standard","meta":{"sfsi_plus_gutenberg_text_before_share":"","sfsi_plus_gutenberg_show_text_before_share":"","sfsi_plus_gutenberg_icon_type":"","sfsi_plus_gutenberg_icon_alignemt":"","sfsi_plus_gutenburg_max_per_row":"","footnotes":"","_jetpack_memberships_contains_paid_content":false,"jetpack_publicize_message":"","jetpack_publicize_feature_enabled":true,"jetpack_social_post_already_shared":true,"jetpack_social_options":{"image_generator_settings":{"template":"highway","enabled":false},"version":2}},"categories":[4],"tags":[],"jetpack_publicize_connections":[],"jetpack_sharing_enabled":true,"jetpack_featured_media_url":"https:\/\/agendaparaguay.com\/v2\/wp-content\/uploads\/2023\/07\/raul_latorre.jpg","_links":{"self":[{"href":"https:\/\/agendaparaguay.com\/v2\/wp-json\/wp\/v2\/posts\/63814"}],"collection":[{"href":"https:\/\/agendaparaguay.com\/v2\/wp-json\/wp\/v2\/posts"}],"about":[{"href":"https:\/\/agendaparaguay.com\/v2\/wp-json\/wp\/v2\/types\/post"}],"author":[{"embeddable":true,"href":"https:\/\/agendaparaguay.com\/v2\/wp-json\/wp\/v2\/users\/1"}],"replies":[{"embeddable":true,"href":"https:\/\/agendaparaguay.com\/v2\/wp-json\/wp\/v2\/comments?post=63814"}],"version-history":[{"count":1,"href":"https:\/\/agendaparaguay.com\/v2\/wp-json\/wp\/v2\/posts\/63814\/revisions"}],"predecessor-version":[{"id":63815,"href":"https:\/\/agendaparaguay.com\/v2\/wp-json\/wp\/v2\/posts\/63814\/revisions\/63815"}],"wp:featuredmedia":[{"embeddable":true,"href":"https:\/\/agendaparaguay.com\/v2\/wp-json\/wp\/v2\/media\/56648"}],"wp:attachment":[{"href":"https:\/\/agendaparaguay.com\/v2\/wp-json\/wp\/v2\/media?parent=63814"}],"wp:term":[{"taxonomy":"category","embeddable":true,"href":"https:\/\/agendaparaguay.com\/v2\/wp-json\/wp\/v2\/categories?post=63814"},{"taxonomy":"post_tag","embeddable":true,"href":"https:\/\/agendaparaguay.com\/v2\/wp-json\/wp\/v2\/tags?post=63814"}],"curies":[{"name":"wp","href":"https:\/\/api.w.org\/{rel}","templated":true}]}}