{"id":63826,"date":"2024-04-09T17:18:28","date_gmt":"2024-04-09T21:18:28","guid":{"rendered":"https:\/\/agendaparaguay.com\/v2\/?p=63826"},"modified":"2024-04-10T07:30:29","modified_gmt":"2024-04-10T11:30:29","slug":"arancel-cero-ejecutivo-introducira-propuesta-de-la-una-en-decreto-reglamentario","status":"publish","type":"post","link":"https:\/\/agendaparaguay.com\/v2\/2024\/04\/09\/arancel-cero-ejecutivo-introducira-propuesta-de-la-una-en-decreto-reglamentario\/","title":{"rendered":"Arancel Cero: Ejecutivo introducir\u00e1 propuesta de la UNA en decreto reglamentario"},"content":{"rendered":"<p style=\"text-align: justify;\">Autoridades del Poder Ejecutivo recibieron a representantes de la Universidad Nacional de Asunci\u00f3n (UNA), estudiantes universitarios y miembros del Poder Legislativo para acordar brindar mayor seguridad de que los fondos para el programa de Arancel Cero estar\u00e1n garantizados.<!--more--><\/p>\n<p style=\"text-align: justify;\">La jefa de Gabinete, Lea Gim\u00e9nez, inform\u00f3 que desde la Comisi\u00f3n de Asuntos Administrativos de la UNA se present\u00f3 un listado de puntos a incluir en el decreto reglamentario del proyecto de Ley de Hambre Cero.<\/p>\n<p style=\"text-align: justify;\">Los cuatro puntos son: asegurar que el programa de Arancel Cero es un gasto prioritario para el Estado; asegurar que el plan financiero del Ministerio de Educaci\u00f3n y Ciencias (MEC) para el financiamiento de este programa no cuente con un tope; asegurar que el plan de caja mensual respete este plan financiero, y asegurar que los saldos no ejecutados cada mes sean migrados de forma autom\u00e1tica al mes siguiente.<\/p>\n<p style=\"text-align: justify;\">La ministra Gim\u00e9nez record\u00f3 que el proyecto promulgado por el Ejecutivo, al modificar la Ley 6.628\/20 del programa de Arancel Cero, introduce en la redacci\u00f3n del texto que los cr\u00e9ditos presupuestarios para garantizar su cumplimiento provendr\u00e1n de recursos del Tesoro (Fuente 10) y \u00abser\u00e1n de car\u00e1cter blindados y no podr\u00e1n ser disminuidos ni reprogramados\u00bb.<\/p>\n<p style=\"text-align: justify;\">La propuesta llevada por la rectora de la UNA, Zully Vera, junto con decanos, docentes, estudiantes y graduados, ser\u00e1 presentada al Consejo Superior Universitario.<\/p>\n<p style=\"text-align: justify;\">La jefa de Gabinete se\u00f1al\u00f3 que se espera mantener una nueva reuni\u00f3n ma\u00f1ana mi\u00e9rcoles, ya con la aprobaci\u00f3n del Consejo Superior Universitario para presentar la propuesta de redacci\u00f3n del decreto reglamentario al Ministerio de Econom\u00eda y Finanzas y luego a la Asesor\u00eda Jur\u00eddica de la Presidencia.<\/p>\n<p style=\"text-align: justify;\">Los representantes de estudiantes presentes informaron que presentar\u00e1n la propuesta a los alumnos llevando a cabo una medida de fuerza, para que una vez que se tengan todas las garant\u00edas solicitadas levantar el paro actualmente en curso.<\/p>\n<p style=\"text-align: justify;\">Por el Poder Ejecutivo participaron de la reuni\u00f3n la ministra Gim\u00e9nez, el ministro del MEC, Luis Ram\u00edrez, el viceministro de Educaci\u00f3n Superior y titular del CONES, Federico Mora, el presidente de la C\u00e1mara de Diputados, Ra\u00fal Latorre, la rectora de la UNA, Zully Vera, junto a decanos y docentes, y representantes de estudiantes universitarios. Fuente: Ip<\/p>\n","protected":false},"excerpt":{"rendered":"<p>Autoridades del Poder Ejecutivo recibieron a representantes de la Universidad Nacional de Asunci\u00f3n (UNA), estudiantes universitarios y miembros del Poder Legislativo para acordar brindar mayor seguridad de que los fondos&hellip; <\/p>\n","protected":false},"author":1,"featured_media":63827,"comment_status":"closed","ping_status":"open","sticky":false,"template":"","format":"standard","meta":{"sfsi_plus_gutenberg_text_before_share":"","sfsi_plus_gutenberg_show_text_before_share":"","sfsi_plus_gutenberg_icon_type":"","sfsi_plus_gutenberg_icon_alignemt":"","sfsi_plus_gutenburg_max_per_row":"","footnotes":"","_jetpack_memberships_contains_paid_content":false,"jetpack_publicize_message":"","jetpack_publicize_feature_enabled":true,"jetpack_social_post_already_shared":true,"jetpack_social_options":{"image_generator_settings":{"template":"highway","enabled":false},"version":2}},"categories":[2],"tags":[],"jetpack_publicize_connections":[],"jetpack_sharing_enabled":true,"jetpack_featured_media_url":"https:\/\/agendaparaguay.com\/v2\/wp-content\/uploads\/2024\/04\/arancel_cero_conferencia.jpg","_links":{"self":[{"href":"https:\/\/agendaparaguay.com\/v2\/wp-json\/wp\/v2\/posts\/63826"}],"collection":[{"href":"https:\/\/agendaparaguay.com\/v2\/wp-json\/wp\/v2\/posts"}],"about":[{"href":"https:\/\/agendaparaguay.com\/v2\/wp-json\/wp\/v2\/types\/post"}],"author":[{"embeddable":true,"href":"https:\/\/agendaparaguay.com\/v2\/wp-json\/wp\/v2\/users\/1"}],"replies":[{"embeddable":true,"href":"https:\/\/agendaparaguay.com\/v2\/wp-json\/wp\/v2\/comments?post=63826"}],"version-history":[{"count":1,"href":"https:\/\/agendaparaguay.com\/v2\/wp-json\/wp\/v2\/posts\/63826\/revisions"}],"predecessor-version":[{"id":63828,"href":"https:\/\/agendaparaguay.com\/v2\/wp-json\/wp\/v2\/posts\/63826\/revisions\/63828"}],"wp:featuredmedia":[{"embeddable":true,"href":"https:\/\/agendaparaguay.com\/v2\/wp-json\/wp\/v2\/media\/63827"}],"wp:attachment":[{"href":"https:\/\/agendaparaguay.com\/v2\/wp-json\/wp\/v2\/media?parent=63826"}],"wp:term":[{"taxonomy":"category","embeddable":true,"href":"https:\/\/agendaparaguay.com\/v2\/wp-json\/wp\/v2\/categories?post=63826"},{"taxonomy":"post_tag","embeddable":true,"href":"https:\/\/agendaparaguay.com\/v2\/wp-json\/wp\/v2\/tags?post=63826"}],"curies":[{"name":"wp","href":"https:\/\/api.w.org\/{rel}","templated":true}]}}