{"id":63996,"date":"2024-04-15T11:01:01","date_gmt":"2024-04-15T15:01:01","guid":{"rendered":"https:\/\/agendaparaguay.com\/v2\/?p=63996"},"modified":"2024-04-15T12:13:31","modified_gmt":"2024-04-15T16:13:31","slug":"caso-metrobus-juez-admite-imputacion-contra-jimenez-gaona","status":"publish","type":"post","link":"https:\/\/agendaparaguay.com\/v2\/2024\/04\/15\/caso-metrobus-juez-admite-imputacion-contra-jimenez-gaona\/","title":{"rendered":"Caso Metrobus: Juez admite imputaci\u00f3n contra Jim\u00e9nez Gaona"},"content":{"rendered":"<p style=\"text-align: justify;\">El juez Humberto Otaz\u00fa admiti\u00f3 la imputaci\u00f3n del exministro de Obras P\u00fablicas, Ram\u00f3n Jim\u00e9nez Gaona y otras dos personas, acusadas por lesi\u00f3n de confianza, por parte de la Fiscal\u00eda en el caso Metrobus.<!--more--><\/p>\n<p style=\"text-align: justify;\">El perjuicio patrimonial es cercano a los 25 millones de d\u00f3lares y establecieron fecha para la audiencia de imposici\u00f3n de medidas, para mayo pr\u00f3ximo.<\/p>\n<p style=\"text-align: justify;\">Junto con Jim\u00e9nez Gaona fueron imputados Marta Regina Ben\u00edtez, exviceministra de Finanzas y Guillermo Alcides Alcaraz, encargado del Proyecto Metrobus.<\/p>\n","protected":false},"excerpt":{"rendered":"<p>El juez Humberto Otaz\u00fa admiti\u00f3 la imputaci\u00f3n del exministro de Obras P\u00fablicas, Ram\u00f3n Jim\u00e9nez Gaona y otras dos personas, acusadas por lesi\u00f3n de confianza, por parte de la Fiscal\u00eda en&hellip; <\/p>\n","protected":false},"author":1,"featured_media":53345,"comment_status":"closed","ping_status":"open","sticky":false,"template":"","format":"standard","meta":{"sfsi_plus_gutenberg_text_before_share":"","sfsi_plus_gutenberg_show_text_before_share":"","sfsi_plus_gutenberg_icon_type":"","sfsi_plus_gutenberg_icon_alignemt":"","sfsi_plus_gutenburg_max_per_row":"","footnotes":"","_jetpack_memberships_contains_paid_content":false,"jetpack_publicize_message":"","jetpack_publicize_feature_enabled":true,"jetpack_social_post_already_shared":true,"jetpack_social_options":{"image_generator_settings":{"template":"highway","enabled":false},"version":2}},"categories":[5],"tags":[],"jetpack_publicize_connections":[],"jetpack_sharing_enabled":true,"jetpack_featured_media_url":"https:\/\/agendaparaguay.com\/v2\/wp-content\/uploads\/2023\/04\/gimenez_gaona_.png","_links":{"self":[{"href":"https:\/\/agendaparaguay.com\/v2\/wp-json\/wp\/v2\/posts\/63996"}],"collection":[{"href":"https:\/\/agendaparaguay.com\/v2\/wp-json\/wp\/v2\/posts"}],"about":[{"href":"https:\/\/agendaparaguay.com\/v2\/wp-json\/wp\/v2\/types\/post"}],"author":[{"embeddable":true,"href":"https:\/\/agendaparaguay.com\/v2\/wp-json\/wp\/v2\/users\/1"}],"replies":[{"embeddable":true,"href":"https:\/\/agendaparaguay.com\/v2\/wp-json\/wp\/v2\/comments?post=63996"}],"version-history":[{"count":1,"href":"https:\/\/agendaparaguay.com\/v2\/wp-json\/wp\/v2\/posts\/63996\/revisions"}],"predecessor-version":[{"id":63997,"href":"https:\/\/agendaparaguay.com\/v2\/wp-json\/wp\/v2\/posts\/63996\/revisions\/63997"}],"wp:featuredmedia":[{"embeddable":true,"href":"https:\/\/agendaparaguay.com\/v2\/wp-json\/wp\/v2\/media\/53345"}],"wp:attachment":[{"href":"https:\/\/agendaparaguay.com\/v2\/wp-json\/wp\/v2\/media?parent=63996"}],"wp:term":[{"taxonomy":"category","embeddable":true,"href":"https:\/\/agendaparaguay.com\/v2\/wp-json\/wp\/v2\/categories?post=63996"},{"taxonomy":"post_tag","embeddable":true,"href":"https:\/\/agendaparaguay.com\/v2\/wp-json\/wp\/v2\/tags?post=63996"}],"curies":[{"name":"wp","href":"https:\/\/api.w.org\/{rel}","templated":true}]}}