{"id":64003,"date":"2024-04-15T13:30:30","date_gmt":"2024-04-15T17:30:30","guid":{"rendered":"https:\/\/agendaparaguay.com\/v2\/?p=64003"},"modified":"2024-04-15T14:52:18","modified_gmt":"2024-04-15T18:52:18","slug":"alliana-destaca-rapida-asistencia-a-afectados-por-inundaciones-en-neembucu","status":"publish","type":"post","link":"https:\/\/agendaparaguay.com\/v2\/2024\/04\/15\/alliana-destaca-rapida-asistencia-a-afectados-por-inundaciones-en-neembucu\/","title":{"rendered":"Alliana destaca r\u00e1pida asistencia a afectados por inundaciones en \u00d1eembuc\u00fa"},"content":{"rendered":"<p style=\"text-align: justify;\">El vicepresidente de la Rep\u00fablica, Pedro Alliana, destac\u00f3 que se est\u00e1 logrando dar una asistencia inmediata a las familias afectadas por las actuales inundaciones en el departamento de \u00d1eembuc\u00fa, mediante el trabajo coordinado de las instituciones y la experiencia del Comit\u00e9 de Emergencia Departamental.<!--more--><\/p>\n<p style=\"text-align: justify;\">\u00abEstamos muy bien organizaddos, tenemos un Comit\u00e9 de Emergencia Departamental encabezado por el gobernador, eso facilita mucho el trabajo y la asistencia r\u00e1pida a todo el departamento\u00bb, dijo el vicepresidente en entrevista con Paraguay TV, este lunes.<\/p>\n<p style=\"text-align: justify;\">Indic\u00f3 que en estos ultimos d\u00edas cayeron casi 300 mm de lluvia lo que afect\u00f3 principalmente a las zonas Valle Apua, Kamba Cua, y el distrito de San Juan Bautista, adem\u00e1s de barrios y compa\u00f1\u00edas cercanas a la ciudad de Pilar.<\/p>\n<p style=\"text-align: justify;\">Alliana refiri\u00f3 que la respuesta r\u00e1pida del Gobierno Nacional se est\u00e1 dando mediante el trabajo de la Secretar\u00eda de Emergencia Nacional y la Entidad Binacional Yacyret\u00e1, que est\u00e1n asistiendo con kits de alimentos a las familias afectadas, as\u00ed como la colaboraci\u00f3n del Ministerio de Obras P\u00fablicas y Comunicaciones en la limpieza de los canales para desagotar m\u00e1s r\u00e1pidamente el agua caida y recuperar la transitabilidad de los caminos.<\/p>\n<p style=\"text-align: justify;\">En las zonas de m\u00e1s dificil acceso se est\u00e1 llegando con embarcaciones y la Entidad Binacional Yacyret\u00e1 est\u00e1 enviando veh\u00edculos anfibios para sumarse a esta tarea, destac\u00f3 el vicepresidente, se\u00f1alando que todo el trabajo se canaliza a traves del Consejo de Emergencia Departamental y Nacional.<br \/>\nCostanera y motobombas para Pilar<\/p>\n<p style=\"text-align: justify;\">Con relaci\u00f3n a las localidades cercanas a la ciudad de Pilar, que con la nueva Costanera ya est\u00e1n resguardadas de la crecida del R\u00edo Paraguay, pero que siguen siendo afectadas por las crecidas a causa de lluvias, el vicepresidente indic\u00f3 que la soluci\u00f3n es contar con nuevas motobombas, m\u00e1s potentes para el desagote.<\/p>\n<p style=\"text-align: justify;\">\u00abAhora no estamos teniendo motobombas y eso hace que no podamos desagotar el agua. Se tuvo que anular la licitaci\u00f3n que estuvo por dos a\u00f1os parado, de la fase B y C de la Costanera, y en eso est\u00e1n incluido los desagues pluviales las nuevas motobombras que van a ser mucho m\u00e1s potentes\u00bb, dijo.<\/p>\n<p style=\"text-align: justify;\">El vicepresidente expres\u00f3 su confianza en avanzar en el corto tiempo con las obras que forman parte de estas dos etapas pendientes de la Costanera de Pilar, ya que se cuenta con la aprobaci\u00f3n del Fondo Saud\u00ed y el presidente de la Rep\u00fablica autoriz\u00f3 ya al Ministerio de Econom\u00eda a realizar los tr\u00e1mites, a la par de la realizaci\u00f3n ad referendum de la aprobaci\u00f3n del cr\u00e9dito en el Congreso Nacional para ganar tiempo.<\/p>\n<p style=\"text-align: justify;\">Aparte de esta obra, el vicepresidente mencion\u00f3 otros trabajos encarados en el departamento de \u00d1eembuc\u00fa para el mantenimiento de las rutas, el asfaltado de nuevos tramos y el proyecto de construcci\u00f3n del puente entre Pilar y Puerto Cano, con la Rep\u00fablica Argentina. Fuente: Ip<\/p>\n","protected":false},"excerpt":{"rendered":"<p>El vicepresidente de la Rep\u00fablica, Pedro Alliana, destac\u00f3 que se est\u00e1 logrando dar una asistencia inmediata a las familias afectadas por las actuales inundaciones en el departamento de \u00d1eembuc\u00fa, mediante&hellip; <\/p>\n","protected":false},"author":1,"featured_media":54657,"comment_status":"closed","ping_status":"open","sticky":false,"template":"","format":"standard","meta":{"sfsi_plus_gutenberg_text_before_share":"","sfsi_plus_gutenberg_show_text_before_share":"","sfsi_plus_gutenberg_icon_type":"","sfsi_plus_gutenberg_icon_alignemt":"","sfsi_plus_gutenburg_max_per_row":"","footnotes":"","_jetpack_memberships_contains_paid_content":false,"jetpack_publicize_message":"","jetpack_publicize_feature_enabled":true,"jetpack_social_post_already_shared":true,"jetpack_social_options":{"image_generator_settings":{"template":"highway","enabled":false},"version":2}},"categories":[2],"tags":[],"jetpack_publicize_connections":[],"jetpack_sharing_enabled":true,"jetpack_featured_media_url":"https:\/\/agendaparaguay.com\/v2\/wp-content\/uploads\/2023\/05\/pedro_alliana_vicepdte.jpg","_links":{"self":[{"href":"https:\/\/agendaparaguay.com\/v2\/wp-json\/wp\/v2\/posts\/64003"}],"collection":[{"href":"https:\/\/agendaparaguay.com\/v2\/wp-json\/wp\/v2\/posts"}],"about":[{"href":"https:\/\/agendaparaguay.com\/v2\/wp-json\/wp\/v2\/types\/post"}],"author":[{"embeddable":true,"href":"https:\/\/agendaparaguay.com\/v2\/wp-json\/wp\/v2\/users\/1"}],"replies":[{"embeddable":true,"href":"https:\/\/agendaparaguay.com\/v2\/wp-json\/wp\/v2\/comments?post=64003"}],"version-history":[{"count":1,"href":"https:\/\/agendaparaguay.com\/v2\/wp-json\/wp\/v2\/posts\/64003\/revisions"}],"predecessor-version":[{"id":64004,"href":"https:\/\/agendaparaguay.com\/v2\/wp-json\/wp\/v2\/posts\/64003\/revisions\/64004"}],"wp:featuredmedia":[{"embeddable":true,"href":"https:\/\/agendaparaguay.com\/v2\/wp-json\/wp\/v2\/media\/54657"}],"wp:attachment":[{"href":"https:\/\/agendaparaguay.com\/v2\/wp-json\/wp\/v2\/media?parent=64003"}],"wp:term":[{"taxonomy":"category","embeddable":true,"href":"https:\/\/agendaparaguay.com\/v2\/wp-json\/wp\/v2\/categories?post=64003"},{"taxonomy":"post_tag","embeddable":true,"href":"https:\/\/agendaparaguay.com\/v2\/wp-json\/wp\/v2\/tags?post=64003"}],"curies":[{"name":"wp","href":"https:\/\/api.w.org\/{rel}","templated":true}]}}