{"id":64021,"date":"2024-04-15T22:03:47","date_gmt":"2024-04-16T02:03:47","guid":{"rendered":"https:\/\/agendaparaguay.com\/v2\/?p=64021"},"modified":"2024-04-15T22:03:47","modified_gmt":"2024-04-16T02:03:47","slug":"incorporaran-a-primera-camada-de-agentes-penitenciarios-formados-con-apoyo-de-las-ffaa","status":"publish","type":"post","link":"https:\/\/agendaparaguay.com\/v2\/2024\/04\/15\/incorporaran-a-primera-camada-de-agentes-penitenciarios-formados-con-apoyo-de-las-ffaa\/","title":{"rendered":"Incorporar\u00e1n a primera camada de agentes penitenciarios formados con apoyo de las FFAA"},"content":{"rendered":"<p>El pr\u00f3ximo viernes ser\u00e1n incorporados los nuevos agentes penitenciarios formados con la cooperaci\u00f3n de las Fuerzas Armadas de la Naci\u00f3n, anunci\u00f3 el ministro de Justicia, \u00c1ngel Barchini, durante su exposici\u00f3n este lunes en el Senado con respecto al proyecto de Ley Org\u00e1nica Penitenciaria .<!--more--><\/p>\n<p>Explic\u00f3 que esta ley permitir\u00e1 hacer un cambio y dejar un legado para que de aqu\u00ed a 10 a\u00f1os se tenga una instituci\u00f3n respetada, destac\u00f3 Barchini.<\/p>\n<p>El Proyecto de Ley Org\u00e1nica Penitenciaria establece procedimientos para la implementaci\u00f3n de la Carrera Profesional y T\u00e9cnica del Agente Penitenciario, as\u00ed como los procesos de reclutamiento, selecci\u00f3n, incorporaci\u00f3n, evaluaci\u00f3n del desempe\u00f1o, capacitaci\u00f3n, movilidad y retiro.<\/p>\n<p>Se prev\u00e9 un total de 1.876 agentes penitenciarios. Actualmente, se cuenta con agentes con antig\u00fcedad de entre 25 y 27 a\u00f1os con un salario promedio de G. 3.000.000.<\/p>\n<p>Barchini sostuvo que se requiere de la aprobaci\u00f3n de la nueva Ley del Agente Penitenciario, ya que permitir\u00e1 una pol\u00edtica penal de largo alcance y es un tema pendiente.<\/p>\n<p>\u00abEstamos planificando una pol\u00edtica penal de largo alcance, donde las nuevas contrataciones de funcionarios penitenciarios puedan ser incorporadas con base a su capacitaci\u00f3n, formaci\u00f3n, salario y que contemplen tambi\u00e9n ascensos y cursos\u201d, expres\u00f3 el titular del Ministerio de Justicia. Fuente: IP<\/p>\n","protected":false},"excerpt":{"rendered":"<p>El pr\u00f3ximo viernes ser\u00e1n incorporados los nuevos agentes penitenciarios formados con la cooperaci\u00f3n de las Fuerzas Armadas de la Naci\u00f3n, anunci\u00f3 el ministro de Justicia, \u00c1ngel Barchini, durante su exposici\u00f3n&hellip; <\/p>\n","protected":false},"author":1,"featured_media":61594,"comment_status":"closed","ping_status":"open","sticky":false,"template":"","format":"standard","meta":{"sfsi_plus_gutenberg_text_before_share":"","sfsi_plus_gutenberg_show_text_before_share":"","sfsi_plus_gutenberg_icon_type":"","sfsi_plus_gutenberg_icon_alignemt":"","sfsi_plus_gutenburg_max_per_row":"","footnotes":"","_jetpack_memberships_contains_paid_content":false,"jetpack_publicize_message":"","jetpack_publicize_feature_enabled":true,"jetpack_social_post_already_shared":true,"jetpack_social_options":{"image_generator_settings":{"template":"highway","enabled":false},"version":2}},"categories":[5],"tags":[],"jetpack_publicize_connections":[],"jetpack_sharing_enabled":true,"jetpack_featured_media_url":"https:\/\/agendaparaguay.com\/v2\/wp-content\/uploads\/2024\/01\/requisa_tacumbu_senad2.jpg","_links":{"self":[{"href":"https:\/\/agendaparaguay.com\/v2\/wp-json\/wp\/v2\/posts\/64021"}],"collection":[{"href":"https:\/\/agendaparaguay.com\/v2\/wp-json\/wp\/v2\/posts"}],"about":[{"href":"https:\/\/agendaparaguay.com\/v2\/wp-json\/wp\/v2\/types\/post"}],"author":[{"embeddable":true,"href":"https:\/\/agendaparaguay.com\/v2\/wp-json\/wp\/v2\/users\/1"}],"replies":[{"embeddable":true,"href":"https:\/\/agendaparaguay.com\/v2\/wp-json\/wp\/v2\/comments?post=64021"}],"version-history":[{"count":1,"href":"https:\/\/agendaparaguay.com\/v2\/wp-json\/wp\/v2\/posts\/64021\/revisions"}],"predecessor-version":[{"id":64022,"href":"https:\/\/agendaparaguay.com\/v2\/wp-json\/wp\/v2\/posts\/64021\/revisions\/64022"}],"wp:featuredmedia":[{"embeddable":true,"href":"https:\/\/agendaparaguay.com\/v2\/wp-json\/wp\/v2\/media\/61594"}],"wp:attachment":[{"href":"https:\/\/agendaparaguay.com\/v2\/wp-json\/wp\/v2\/media?parent=64021"}],"wp:term":[{"taxonomy":"category","embeddable":true,"href":"https:\/\/agendaparaguay.com\/v2\/wp-json\/wp\/v2\/categories?post=64021"},{"taxonomy":"post_tag","embeddable":true,"href":"https:\/\/agendaparaguay.com\/v2\/wp-json\/wp\/v2\/tags?post=64021"}],"curies":[{"name":"wp","href":"https:\/\/api.w.org\/{rel}","templated":true}]}}