{"id":64059,"date":"2024-04-17T00:00:53","date_gmt":"2024-04-17T04:00:53","guid":{"rendered":"https:\/\/agendaparaguay.com\/v2\/?p=64059"},"modified":"2024-04-17T12:19:16","modified_gmt":"2024-04-17T16:19:16","slug":"dictaminan-de-mayoria-aconseja-aprobar-modificaciones-en-la-ley-de-educacion-superior","status":"publish","type":"post","link":"https:\/\/agendaparaguay.com\/v2\/2024\/04\/17\/dictaminan-de-mayoria-aconseja-aprobar-modificaciones-en-la-ley-de-educacion-superior\/","title":{"rendered":"Dictaminan de mayor\u00eda aconseja aprobar modificaciones en la Ley de Educaci\u00f3n Superior"},"content":{"rendered":"<p style=\"text-align: justify;\">La comisi\u00f3n asesora de Educaci\u00f3n Cultura y Culto de Diputados llev\u00f3 a cabo una reuni\u00f3n ordinaria donde se estudi\u00f3 el proyecto \u201cQue modifica los art\u00edculos 7 y 15 de la Ley N\u00b0 4.995\/13 &#8211; De Educaci\u00f3n Superior\u201d.<!--more--><\/p>\n<p style=\"text-align: justify;\">Fue recibido el viceministro de Educaci\u00f3n Superior, Nelson Federico Mora, quien tambi\u00e9n es titular del Consejo Nacional de Educaci\u00f3n Superior (CONES).<\/p>\n<p style=\"text-align: justify;\">\u201cNuestra visita tiene como objetivos responder y aclarar las dudas planteadas por parte de la comisi\u00f3n, en torno al proyecto de ley que hemos presentado desde el Poder Ejecutivo, para hacer que el CONES sea presidido por el Ministerio de Educaci\u00f3n y Ciencias. Se busca, efectivamente, fortalecer las garant\u00edas y el \u00f3rgano rector del MEC dentro del sistema. Qued\u00f3 abierto el di\u00e1logo, hubo un intercambio muy interesante que fortalece el debate\u201d, expres\u00f3 el viceministro Mora.<\/p>\n<p style=\"text-align: justify;\">Respecto a las funciones del CONES, ya presidido por el MEC, explic\u00f3 que la l\u00ednea pasa por dar armon\u00eda y consistencia con lo que establece la carta org\u00e1nica del a\u00f1o 2018, que ten\u00eda pendiente esta revisi\u00f3n de la Ley del CONES.<\/p>\n<p style=\"text-align: justify;\">Educaci\u00f3n 02 850.jpg\u201cEl nuevo escenario lo que busca es armonizar un contexto donde la educaci\u00f3n superior se acople a la visi\u00f3n general de la educaci\u00f3n que tiene, como \u00f3rgano rector, al Ministerio de Educaci\u00f3n y Ciencias\u201d, a\u00f1adi\u00f3.<\/p>\n<p style=\"text-align: justify;\">Por \u00faltimo, dijo esperar que esta conversaci\u00f3n pueda permitir un avance sin modificaciones.<\/p>\n<p style=\"text-align: justify;\">Finalizada la reuni\u00f3n, el presidente de la Comisi\u00f3n de Educaci\u00f3n inform\u00f3 que el bloque formalizar\u00e1 dos dict\u00e1menes; en mayor\u00eda, por la aprobaci\u00f3n sin modificaciones; y en minor\u00eda por la aprobaci\u00f3n con modificaciones.<\/p>\n<p style=\"text-align: justify;\">Cabe se\u00f1alar que el proyecto solicita la modificaci\u00f3n de la Ley del Consejo Nacional de Educaci\u00f3n Superior (CONES), en cuanto a sus directivos.<\/p>\n<p>Busca una presidencia rotativa por parte de miembros, no solo entre las universidades p\u00fablicas y la Universidad Cat\u00f3lica<\/p>\n","protected":false},"excerpt":{"rendered":"<p>La comisi\u00f3n asesora de Educaci\u00f3n Cultura y Culto de Diputados llev\u00f3 a cabo una reuni\u00f3n ordinaria donde se estudi\u00f3 el proyecto \u201cQue modifica los art\u00edculos 7 y 15 de la&hellip; <\/p>\n","protected":false},"author":1,"featured_media":55965,"comment_status":"closed","ping_status":"open","sticky":false,"template":"","format":"standard","meta":{"sfsi_plus_gutenberg_text_before_share":"","sfsi_plus_gutenberg_show_text_before_share":"","sfsi_plus_gutenberg_icon_type":"","sfsi_plus_gutenberg_icon_alignemt":"","sfsi_plus_gutenburg_max_per_row":"","footnotes":"","_jetpack_memberships_contains_paid_content":false,"jetpack_publicize_message":"","jetpack_publicize_feature_enabled":true,"jetpack_social_post_already_shared":true,"jetpack_social_options":{"image_generator_settings":{"template":"highway","enabled":false},"version":2}},"categories":[4],"tags":[],"jetpack_publicize_connections":[],"jetpack_sharing_enabled":true,"jetpack_featured_media_url":"https:\/\/agendaparaguay.com\/v2\/wp-content\/uploads\/2023\/07\/pleno_diputados_latorre_1.jpg","_links":{"self":[{"href":"https:\/\/agendaparaguay.com\/v2\/wp-json\/wp\/v2\/posts\/64059"}],"collection":[{"href":"https:\/\/agendaparaguay.com\/v2\/wp-json\/wp\/v2\/posts"}],"about":[{"href":"https:\/\/agendaparaguay.com\/v2\/wp-json\/wp\/v2\/types\/post"}],"author":[{"embeddable":true,"href":"https:\/\/agendaparaguay.com\/v2\/wp-json\/wp\/v2\/users\/1"}],"replies":[{"embeddable":true,"href":"https:\/\/agendaparaguay.com\/v2\/wp-json\/wp\/v2\/comments?post=64059"}],"version-history":[{"count":1,"href":"https:\/\/agendaparaguay.com\/v2\/wp-json\/wp\/v2\/posts\/64059\/revisions"}],"predecessor-version":[{"id":64060,"href":"https:\/\/agendaparaguay.com\/v2\/wp-json\/wp\/v2\/posts\/64059\/revisions\/64060"}],"wp:featuredmedia":[{"embeddable":true,"href":"https:\/\/agendaparaguay.com\/v2\/wp-json\/wp\/v2\/media\/55965"}],"wp:attachment":[{"href":"https:\/\/agendaparaguay.com\/v2\/wp-json\/wp\/v2\/media?parent=64059"}],"wp:term":[{"taxonomy":"category","embeddable":true,"href":"https:\/\/agendaparaguay.com\/v2\/wp-json\/wp\/v2\/categories?post=64059"},{"taxonomy":"post_tag","embeddable":true,"href":"https:\/\/agendaparaguay.com\/v2\/wp-json\/wp\/v2\/tags?post=64059"}],"curies":[{"name":"wp","href":"https:\/\/api.w.org\/{rel}","templated":true}]}}