{"id":64187,"date":"2024-04-22T15:55:31","date_gmt":"2024-04-22T19:55:31","guid":{"rendered":"https:\/\/agendaparaguay.com\/v2\/?p=64187"},"modified":"2024-04-22T21:12:14","modified_gmt":"2024-04-23T01:12:14","slug":"cambian-al-viceministro-de-transporte-y-prometen-modernizar-el-sistema","status":"publish","type":"post","link":"https:\/\/agendaparaguay.com\/v2\/2024\/04\/22\/cambian-al-viceministro-de-transporte-y-prometen-modernizar-el-sistema\/","title":{"rendered":"Cambian al viceministro de Transporte y prometen modernizar el sistema"},"content":{"rendered":"<p style=\"text-align: justify;\">La ministra de Obras P\u00fablicas (MOPC), Claudia Centuri\u00f3n, present\u00f3 al nuevo viceministro de Transporte, Emiliano Fern\u00e1ndez, quien reemplazar\u00e1 a Guido Benza en el cargo.<!--more--><\/p>\n<p style=\"text-align: justify;\">El nuevo viceministro se encuentra \u00abinvolucrado con la visi\u00f3n del presidente Santiago Pe\u00f1a de modernizar el sistema como tal, no s\u00f3lo de renovar flotas, sino tambi\u00e9n la renovaci\u00f3n de las condiciones contractuales y de regulaciones que hoy rigen en el sistema\u00bb, dijo la ministra en conferencia de prensa en Mburuvicha R\u00f3ga.<\/p>\n<p style=\"text-align: justify;\">La intenci\u00f3n del Gobierno es modificar las condiciones de contrato con los prestatarios del servicio de transporte trabajando en conjunto con este sector, y presentar un sistema \u00fanico que contemple todas las \u00e1reas que involucran a un sistema de este tipo.<\/p>\n<p style=\"text-align: justify;\">Un sistema de transporte p\u00fablico tiene elementos de finanzas, de permisos y licencias, de utilizaci\u00f3n de rutas, de renovaci\u00f3n de flotas. Un nuevo sistema toma en cuenta todos estos elementos, explic\u00f3 el nuevo viceministro.<\/p>\n<p style=\"text-align: justify;\">La ministra del MOPC a\u00f1adi\u00f3 que el sistema de transporte p\u00fablico no est\u00e1 generando una sensaci\u00f3n de calidad y \u00abtiene enormes deficiencias para entregar condiciones claras para los transportistas\u00bb.<\/p>\n<p style=\"text-align: justify;\">El nuevo viceministro de Transporte es magister en Econom\u00eda con \u00e9nfasis en Pol\u00edticas P\u00fablicas y Sociales. Fue viceministro de Crecimiento Econ\u00f3mico de la Secretar\u00eda T\u00e9cnica de Planificaci\u00f3n (STP) y desde el 2021 fue designado como miembro de directorio de la Agencia Financiera de Desarrollo (AFD). Fuente: Ip<\/p>\n","protected":false},"excerpt":{"rendered":"<p>La ministra de Obras P\u00fablicas (MOPC), Claudia Centuri\u00f3n, present\u00f3 al nuevo viceministro de Transporte, Emiliano Fern\u00e1ndez, quien reemplazar\u00e1 a Guido Benza en el cargo.<\/p>\n","protected":false},"author":1,"featured_media":64188,"comment_status":"closed","ping_status":"open","sticky":false,"template":"","format":"standard","meta":{"sfsi_plus_gutenberg_text_before_share":"","sfsi_plus_gutenberg_show_text_before_share":"","sfsi_plus_gutenberg_icon_type":"","sfsi_plus_gutenberg_icon_alignemt":"","sfsi_plus_gutenburg_max_per_row":"","footnotes":"","_jetpack_memberships_contains_paid_content":false,"jetpack_publicize_message":"","jetpack_publicize_feature_enabled":true,"jetpack_social_post_already_shared":true,"jetpack_social_options":{"image_generator_settings":{"template":"highway","enabled":false},"version":2}},"categories":[2],"tags":[],"jetpack_publicize_connections":[],"jetpack_sharing_enabled":true,"jetpack_featured_media_url":"https:\/\/agendaparaguay.com\/v2\/wp-content\/uploads\/2024\/04\/santi_nuevo_viceministro.jpg","_links":{"self":[{"href":"https:\/\/agendaparaguay.com\/v2\/wp-json\/wp\/v2\/posts\/64187"}],"collection":[{"href":"https:\/\/agendaparaguay.com\/v2\/wp-json\/wp\/v2\/posts"}],"about":[{"href":"https:\/\/agendaparaguay.com\/v2\/wp-json\/wp\/v2\/types\/post"}],"author":[{"embeddable":true,"href":"https:\/\/agendaparaguay.com\/v2\/wp-json\/wp\/v2\/users\/1"}],"replies":[{"embeddable":true,"href":"https:\/\/agendaparaguay.com\/v2\/wp-json\/wp\/v2\/comments?post=64187"}],"version-history":[{"count":1,"href":"https:\/\/agendaparaguay.com\/v2\/wp-json\/wp\/v2\/posts\/64187\/revisions"}],"predecessor-version":[{"id":64189,"href":"https:\/\/agendaparaguay.com\/v2\/wp-json\/wp\/v2\/posts\/64187\/revisions\/64189"}],"wp:featuredmedia":[{"embeddable":true,"href":"https:\/\/agendaparaguay.com\/v2\/wp-json\/wp\/v2\/media\/64188"}],"wp:attachment":[{"href":"https:\/\/agendaparaguay.com\/v2\/wp-json\/wp\/v2\/media?parent=64187"}],"wp:term":[{"taxonomy":"category","embeddable":true,"href":"https:\/\/agendaparaguay.com\/v2\/wp-json\/wp\/v2\/categories?post=64187"},{"taxonomy":"post_tag","embeddable":true,"href":"https:\/\/agendaparaguay.com\/v2\/wp-json\/wp\/v2\/tags?post=64187"}],"curies":[{"name":"wp","href":"https:\/\/api.w.org\/{rel}","templated":true}]}}