{"id":64567,"date":"2024-05-07T08:22:23","date_gmt":"2024-05-07T12:22:23","guid":{"rendered":"https:\/\/agendaparaguay.com\/v2\/?p=64567"},"modified":"2024-05-07T11:33:24","modified_gmt":"2024-05-07T15:33:24","slug":"nakayama-pide-no-confundir-proyecto-yamil-con-delacion-premiada","status":"publish","type":"post","link":"https:\/\/agendaparaguay.com\/v2\/2024\/05\/07\/nakayama-pide-no-confundir-proyecto-yamil-con-delacion-premiada\/","title":{"rendered":"Nakayama pide no confundir proyecto Yamil con \u00abdelaci\u00f3n premiada\u00bb"},"content":{"rendered":"<p style=\"text-align: justify;\">El senador independiente Eduardo Nakayama se refiri\u00f3 en declaraciones a la 780 am, al proyecto de ley del diputado cartista Yamil Esgaib sobre la reducci\u00f3n de hasta el 50% de la condena a funcionarios corruptos que devuelvan parte del dinero p\u00fablico roba, en casos de ser condenados.<!--more--><\/p>\n<p style=\"text-align: justify;\">Agreg\u00f3 que la propuesta de normativa tendr\u00e1 un amplio rechazo en el Senado, ya que incluso por unanimidad se dictamin\u00f3 en contra de la media sanci\u00f3n de Diputados, en la comisi\u00f3n de Legislaci\u00f3n del Senado.<\/p>\n<p style=\"text-align: justify;\">Pidi\u00f3 adem\u00e1s no confundir la \u00abdevoluci\u00f3n premiada con la figura de la \u00abdelaci\u00f3n premiada\u00bb que rige en pa\u00edses como Estados Unidos, Brasil y otros.<\/p>\n<p style=\"text-align: justify;\">\u00abLa devoluci\u00f3n premiada, que plantea el diputado Yamil Esgaib, que el d\u00eda de ayer ha tenido rechazo por unanimidad en la Comisi\u00f3n de Legislaci\u00f3n del Senado, muy probablemente el d\u00eda de hoy se rechace el proyecto, es otra cosa\u00bb, destac\u00f3 el legislador.<\/p>\n<p style=\"text-align: justify;\">\u00abLo que pretende, es en primer lugar, hacer una diferenciaci\u00f3n entre lo que es un delito o crimen de apropiaci\u00f3n normal, privado, versus lo que es un delito de apropiaci\u00f3n de la cosa p\u00fablica o da\u00f1o patrimonial al Estado paraguayo\u00bb, agreg\u00f3.<\/p>\n<p style=\"text-align: justify;\">\u00abEn ese caso, quiere volver a reglamentar algo que ya est\u00e1 reglamentado para los privados, que es la reparaci\u00f3n del da\u00f1o, que solamente se puede dar en el \u00e1mbito privado, entre dos personas\u00bb, explic\u00f3 el parlamentario.<\/p>\n<p style=\"text-align: justify;\">Insisti\u00f3 en que este es un proyecto de Devoluci\u00f3n Premiada. Se ha creado esa confusi\u00f3n. \u00abSon dos cosas distintas, la delaci\u00f3n premiada est\u00e1 presente en muchos pa\u00edses, en los EEUU, desde hace mucho tiempo\u00bb, acot\u00f3.<\/p>\n<p style=\"text-align: justify;\">indic\u00f3 por ejemplo que en el proceso FIFA Gate, muchos se han acogido a la delaci\u00f3n premiada. Lo ha hecho tambi\u00e9n la exdiputada Cynthia Tarrag\u00f3 y otras personas, a trav\u00e9s de esa herramienta se ha aminorado la pena.<\/p>\n<p style=\"text-align: justify;\">\u00abEn el caso brasile\u00f1o, en el caso Lava Jato, muchos procesados se acogieron a la delaci\u00f3n premiada, incluyendo altos directivos de la Odebrecht\u00bb, resalto.<\/p>\n<p style=\"text-align: justify;\">\u00abDelaci\u00f3n premiada es una cosa y ah\u00ed creo que estamos casi todos de acuerdo, en que ser\u00eda muy bueno instrumentar mejor esa figura para que podamos tener mejores resultados en la investigaci\u00f3n, porque eso ayuda en el esclarecimiento de los hechos\u00bb, a\u00f1adi\u00f3.<\/p>\n<p style=\"text-align: justify;\">Manifest\u00f3 que tener esa posibilidad, los encausados se acogen a ella, delatan qui\u00e9nes son los otros involucrados y a partir de ah\u00ed se esclarece el hecho.<\/p>\n<p style=\"text-align: justify;\">\u00abSi tuvi\u00e9semos delaci\u00f3n premiada podr\u00edamos saber por lo menos un nombre de los que estuvieron involucrados en el mega intento de narcotr\u00e1fico, los 1.700 kilos de coca\u00edna del aeropuerto Silvio Pettirossi, eso es un ejemplo nomas\u00bb, sentenci\u00f3 en declaraciones a la 780 am.<\/p>\n","protected":false},"excerpt":{"rendered":"<p>El senador independiente Eduardo Nakayama se refiri\u00f3 en declaraciones a la 780 am, al proyecto de ley del diputado cartista Yamil Esgaib sobre la reducci\u00f3n de hasta el 50% de&hellip; <\/p>\n","protected":false},"author":1,"featured_media":62166,"comment_status":"closed","ping_status":"open","sticky":false,"template":"","format":"standard","meta":{"sfsi_plus_gutenberg_text_before_share":"","sfsi_plus_gutenberg_show_text_before_share":"","sfsi_plus_gutenberg_icon_type":"","sfsi_plus_gutenberg_icon_alignemt":"","sfsi_plus_gutenburg_max_per_row":"","footnotes":"","_jetpack_memberships_contains_paid_content":false,"jetpack_publicize_message":"","jetpack_publicize_feature_enabled":true,"jetpack_social_post_already_shared":true,"jetpack_social_options":{"image_generator_settings":{"template":"highway","enabled":false},"version":2}},"categories":[3],"tags":[],"jetpack_publicize_connections":[],"jetpack_sharing_enabled":true,"jetpack_featured_media_url":"https:\/\/agendaparaguay.com\/v2\/wp-content\/uploads\/2024\/02\/Edu_nakayama_1.jpeg","_links":{"self":[{"href":"https:\/\/agendaparaguay.com\/v2\/wp-json\/wp\/v2\/posts\/64567"}],"collection":[{"href":"https:\/\/agendaparaguay.com\/v2\/wp-json\/wp\/v2\/posts"}],"about":[{"href":"https:\/\/agendaparaguay.com\/v2\/wp-json\/wp\/v2\/types\/post"}],"author":[{"embeddable":true,"href":"https:\/\/agendaparaguay.com\/v2\/wp-json\/wp\/v2\/users\/1"}],"replies":[{"embeddable":true,"href":"https:\/\/agendaparaguay.com\/v2\/wp-json\/wp\/v2\/comments?post=64567"}],"version-history":[{"count":1,"href":"https:\/\/agendaparaguay.com\/v2\/wp-json\/wp\/v2\/posts\/64567\/revisions"}],"predecessor-version":[{"id":64568,"href":"https:\/\/agendaparaguay.com\/v2\/wp-json\/wp\/v2\/posts\/64567\/revisions\/64568"}],"wp:featuredmedia":[{"embeddable":true,"href":"https:\/\/agendaparaguay.com\/v2\/wp-json\/wp\/v2\/media\/62166"}],"wp:attachment":[{"href":"https:\/\/agendaparaguay.com\/v2\/wp-json\/wp\/v2\/media?parent=64567"}],"wp:term":[{"taxonomy":"category","embeddable":true,"href":"https:\/\/agendaparaguay.com\/v2\/wp-json\/wp\/v2\/categories?post=64567"},{"taxonomy":"post_tag","embeddable":true,"href":"https:\/\/agendaparaguay.com\/v2\/wp-json\/wp\/v2\/tags?post=64567"}],"curies":[{"name":"wp","href":"https:\/\/api.w.org\/{rel}","templated":true}]}}