{"id":65009,"date":"2024-05-23T20:08:09","date_gmt":"2024-05-24T00:08:09","guid":{"rendered":"https:\/\/agendaparaguay.com\/v2\/?p=65009"},"modified":"2024-05-23T20:08:55","modified_gmt":"2024-05-24T00:08:55","slug":"inundaciones-diputados-instan-al-ejecutivo-a-enviar-apoyo-a-brasil","status":"publish","type":"post","link":"https:\/\/agendaparaguay.com\/v2\/2024\/05\/23\/inundaciones-diputados-instan-al-ejecutivo-a-enviar-apoyo-a-brasil\/","title":{"rendered":"Inundaciones: Diputados instan al ejecutivo a enviar apoyo a Brasil"},"content":{"rendered":"<p style=\"text-align: justify;\">La C\u00e1mara de Diputados aprob\u00f3, por unanimidad, un proyecto de declaraci\u00f3n \u201cQue insta al Poder Ejecutivo &#8211; Ministerio de Relaciones Exteriores &#8211; Entidad Binacional Itaip\u00fa, a enviar apoyo al Estado de Rio Grande Do Sul, de la hermana Rep\u00fablica Federativa del Brasil\u201d.<!--more--><\/p>\n<p style=\"text-align: justify;\">El documento fue presentado por el diputado Leonardo Saiz y hace menci\u00f3n a las p\u00e9rdidas humanas y materiales ocasionadas por las inundaciones en el pa\u00eds vecino.<\/p>\n<p style=\"text-align: justify;\">Las lluvias torrenciales y deslizamientos de tierra han provocado estragos en 463 de los 497 municipios de Rio Grande do Sul, de acuerdo a los datos oficiales.<\/p>\n<p style=\"text-align: justify;\">M\u00e1s de dos millones de personas resultaron damnificadas en esa regi\u00f3n, de las cuales unas 620.000, aproximadamente, tuvieron que abandonar sus hogares.<\/p>\n<p style=\"text-align: justify;\">\u201cEl impacto de las inundaciones en Brasil no tiene precedentes. Lamentamos profundamente las p\u00e9rdidas humanas y creemos conveniente el env\u00edo de apoyo en este momento tr\u00e1gico\u201d, manifest\u00f3 el parlamentario.<\/p>\n<p style=\"text-align: justify;\">El proyecto de declaraci\u00f3n establece que el Ministerio de Relaciones Exteriores y la Entidad Binacional Itaip\u00fa, adoptar\u00e1n todas las medidas conducentes para dar apoyo inmediato, ya sea en el rescate de las personas, como en la asistencia social o el env\u00edo de v\u00edveres.<\/p>\n<p style=\"text-align: justify;\">Adem\u00e1s, se deber\u00e1 coordinar con la Embajada de la Rep\u00fablica Federativa del Brasil en Paraguay, todo lo relativo al env\u00edo de ayuda y asistencia. Fuente: Diputados<\/p>\n","protected":false},"excerpt":{"rendered":"<p>La C\u00e1mara de Diputados aprob\u00f3, por unanimidad, un proyecto de declaraci\u00f3n \u201cQue insta al Poder Ejecutivo &#8211; Ministerio de Relaciones Exteriores &#8211; Entidad Binacional Itaip\u00fa, a enviar apoyo al Estado&hellip; <\/p>\n","protected":false},"author":1,"featured_media":58571,"comment_status":"closed","ping_status":"open","sticky":false,"template":"","format":"standard","meta":{"sfsi_plus_gutenberg_text_before_share":"","sfsi_plus_gutenberg_show_text_before_share":"","sfsi_plus_gutenberg_icon_type":"","sfsi_plus_gutenberg_icon_alignemt":"","sfsi_plus_gutenburg_max_per_row":"","footnotes":"","_jetpack_memberships_contains_paid_content":false,"jetpack_publicize_message":"","jetpack_publicize_feature_enabled":true,"jetpack_social_post_already_shared":true,"jetpack_social_options":{"image_generator_settings":{"template":"highway","enabled":false},"version":2}},"categories":[4],"tags":[],"jetpack_publicize_connections":[],"jetpack_sharing_enabled":true,"jetpack_featured_media_url":"https:\/\/agendaparaguay.com\/v2\/wp-content\/uploads\/2023\/10\/pleno_diputados_2023.jpg","_links":{"self":[{"href":"https:\/\/agendaparaguay.com\/v2\/wp-json\/wp\/v2\/posts\/65009"}],"collection":[{"href":"https:\/\/agendaparaguay.com\/v2\/wp-json\/wp\/v2\/posts"}],"about":[{"href":"https:\/\/agendaparaguay.com\/v2\/wp-json\/wp\/v2\/types\/post"}],"author":[{"embeddable":true,"href":"https:\/\/agendaparaguay.com\/v2\/wp-json\/wp\/v2\/users\/1"}],"replies":[{"embeddable":true,"href":"https:\/\/agendaparaguay.com\/v2\/wp-json\/wp\/v2\/comments?post=65009"}],"version-history":[{"count":1,"href":"https:\/\/agendaparaguay.com\/v2\/wp-json\/wp\/v2\/posts\/65009\/revisions"}],"predecessor-version":[{"id":65010,"href":"https:\/\/agendaparaguay.com\/v2\/wp-json\/wp\/v2\/posts\/65009\/revisions\/65010"}],"wp:featuredmedia":[{"embeddable":true,"href":"https:\/\/agendaparaguay.com\/v2\/wp-json\/wp\/v2\/media\/58571"}],"wp:attachment":[{"href":"https:\/\/agendaparaguay.com\/v2\/wp-json\/wp\/v2\/media?parent=65009"}],"wp:term":[{"taxonomy":"category","embeddable":true,"href":"https:\/\/agendaparaguay.com\/v2\/wp-json\/wp\/v2\/categories?post=65009"},{"taxonomy":"post_tag","embeddable":true,"href":"https:\/\/agendaparaguay.com\/v2\/wp-json\/wp\/v2\/tags?post=65009"}],"curies":[{"name":"wp","href":"https:\/\/api.w.org\/{rel}","templated":true}]}}