{"id":65638,"date":"2024-06-18T14:30:21","date_gmt":"2024-06-18T18:30:21","guid":{"rendered":"https:\/\/agendaparaguay.com\/v2\/?p=65638"},"modified":"2024-06-19T07:12:59","modified_gmt":"2024-06-19T11:12:59","slug":"legisladores-del-plra-rechazan-extension-de-mandato-de-intendentes","status":"publish","type":"post","link":"https:\/\/agendaparaguay.com\/v2\/2024\/06\/18\/legisladores-del-plra-rechazan-extension-de-mandato-de-intendentes\/","title":{"rendered":"Legisladores del PLRA rechazan extensi\u00f3n de mandato de Intendentes"},"content":{"rendered":"<p style=\"text-align: justify;\">Un grupo de parlamentarios del Partido Liberal Radical Aut\u00e9ntico dieron a conocer un comunicado donde rechazan el planteamiento de un grupo de concejales e intendentes municipales que buscan extender por dos a\u00f1os m\u00e1s el mandato, es decir de 5 a 7 a\u00f1os, hasta el 2028.<!--more--><\/p>\n<p style=\"text-align: justify;\">\u00abComo parlamentarios comprometidos con los principios democr\u00e1ticos y el respeto a la Constituci\u00f3n Nacional, manifestamos nuestra firme y categ\u00f3rica oposici\u00f3n a cualquier propuesta de pr\u00f3rroga de mandato para autoridades municipales, legislativas o ejecutivas. Solicitamos al Directorio del PLRA a a pronunciarse sobre el tema\u00bb, destac\u00f3 el senador Ever Villalba.<\/p>\n<p style=\"text-align: justify;\">\u00abLa Constituci\u00f3n es el pilar fundamental de nuestra Rep\u00fablica y su respeto es indispensable para garantizar la estabilidad y legitimidad de nuestras instituciones. Las normas constitucionales establecen claramente los periodos de mandato de nuestras autoridades y cualquier intento de prolongar dichos periodos representa una amenaza directa a los principios democr\u00e1ticos y al estado de Derecho\u00bb, reza parte de la nota presentada a la conducci\u00f3n partidaria.<\/p>\n","protected":false},"excerpt":{"rendered":"<p>Un grupo de parlamentarios del Partido Liberal Radical Aut\u00e9ntico dieron a conocer un comunicado donde rechazan el planteamiento de un grupo de concejales e intendentes municipales que buscan extender por&hellip; <\/p>\n","protected":false},"author":1,"featured_media":63129,"comment_status":"closed","ping_status":"open","sticky":false,"template":"","format":"standard","meta":{"sfsi_plus_gutenberg_text_before_share":"","sfsi_plus_gutenberg_show_text_before_share":"","sfsi_plus_gutenberg_icon_type":"","sfsi_plus_gutenberg_icon_alignemt":"","sfsi_plus_gutenburg_max_per_row":"","footnotes":"","_jetpack_memberships_contains_paid_content":false,"jetpack_publicize_message":"","jetpack_publicize_feature_enabled":true,"jetpack_social_post_already_shared":true,"jetpack_social_options":{"image_generator_settings":{"template":"highway","enabled":false},"version":2}},"categories":[3],"tags":[],"jetpack_publicize_connections":[],"jetpack_sharing_enabled":true,"jetpack_featured_media_url":"https:\/\/agendaparaguay.com\/v2\/wp-content\/uploads\/2024\/03\/ever_villalba_3.jpg","_links":{"self":[{"href":"https:\/\/agendaparaguay.com\/v2\/wp-json\/wp\/v2\/posts\/65638"}],"collection":[{"href":"https:\/\/agendaparaguay.com\/v2\/wp-json\/wp\/v2\/posts"}],"about":[{"href":"https:\/\/agendaparaguay.com\/v2\/wp-json\/wp\/v2\/types\/post"}],"author":[{"embeddable":true,"href":"https:\/\/agendaparaguay.com\/v2\/wp-json\/wp\/v2\/users\/1"}],"replies":[{"embeddable":true,"href":"https:\/\/agendaparaguay.com\/v2\/wp-json\/wp\/v2\/comments?post=65638"}],"version-history":[{"count":1,"href":"https:\/\/agendaparaguay.com\/v2\/wp-json\/wp\/v2\/posts\/65638\/revisions"}],"predecessor-version":[{"id":65639,"href":"https:\/\/agendaparaguay.com\/v2\/wp-json\/wp\/v2\/posts\/65638\/revisions\/65639"}],"wp:featuredmedia":[{"embeddable":true,"href":"https:\/\/agendaparaguay.com\/v2\/wp-json\/wp\/v2\/media\/63129"}],"wp:attachment":[{"href":"https:\/\/agendaparaguay.com\/v2\/wp-json\/wp\/v2\/media?parent=65638"}],"wp:term":[{"taxonomy":"category","embeddable":true,"href":"https:\/\/agendaparaguay.com\/v2\/wp-json\/wp\/v2\/categories?post=65638"},{"taxonomy":"post_tag","embeddable":true,"href":"https:\/\/agendaparaguay.com\/v2\/wp-json\/wp\/v2\/tags?post=65638"}],"curies":[{"name":"wp","href":"https:\/\/api.w.org\/{rel}","templated":true}]}}