{"id":65721,"date":"2024-06-21T08:21:19","date_gmt":"2024-06-21T12:21:19","guid":{"rendered":"https:\/\/agendaparaguay.com\/v2\/?p=65721"},"modified":"2024-06-21T12:48:56","modified_gmt":"2024-06-21T16:48:56","slug":"suspenden-audiencia-preliminar-de-erico-galeano-tras-recusacion-a-juez-legal","status":"publish","type":"post","link":"https:\/\/agendaparaguay.com\/v2\/2024\/06\/21\/suspenden-audiencia-preliminar-de-erico-galeano-tras-recusacion-a-juez-legal\/","title":{"rendered":"Suspenden audiencia preliminar de Erico Galeano tras recusaci\u00f3n a juez Legal"},"content":{"rendered":"<p style=\"text-align: justify;\">Este viernes, el senador colorado (cartista) Erico Galeano logr\u00f3 la suspensi\u00f3n de la audiencia preliminar prevista para esta ma\u00f1ana, tras la recusaci\u00f3n presentada por su defensa en contra del juez Osmar Legal.<!--more--><\/p>\n<p style=\"text-align: justify;\">En la fecha estaba prevista conocer si el caso se eleva o no a juicio oral y p\u00fablico.<\/p>\n<p style=\"text-align: justify;\">Erico Galeano fue imputado por los fiscales Silvio Corbeta y Deny Yoon Pak el 19 de mayo del 2023 por los supuestos hechos de asociaci\u00f3n criminal y lavado de dinero, en el marco de la investigaci\u00f3n del caso A ULTRANZAPY.<\/p>\n<p style=\"text-align: justify;\">El abogado Crist\u00f3bal C\u00e1ceres Frutos dijo que la defensa del legislador requiere de \u00abm\u00e1s tiempo para el ejercicio de la defensa\u00bb, y habl\u00f3 adem\u00e1s de falta de garant\u00edas. Foto: Abc Color.<\/p>\n","protected":false},"excerpt":{"rendered":"<p>Este viernes, el senador colorado (cartista) Erico Galeano logr\u00f3 la suspensi\u00f3n de la audiencia preliminar prevista para esta ma\u00f1ana, tras la recusaci\u00f3n presentada por su defensa en contra del juez&hellip; <\/p>\n","protected":false},"author":1,"featured_media":65722,"comment_status":"closed","ping_status":"open","sticky":false,"template":"","format":"standard","meta":{"sfsi_plus_gutenberg_text_before_share":"","sfsi_plus_gutenberg_show_text_before_share":"","sfsi_plus_gutenberg_icon_type":"","sfsi_plus_gutenberg_icon_alignemt":"","sfsi_plus_gutenburg_max_per_row":"","footnotes":"","_jetpack_memberships_contains_paid_content":false,"jetpack_publicize_message":"","jetpack_publicize_feature_enabled":true,"jetpack_social_post_already_shared":true,"jetpack_social_options":{"image_generator_settings":{"template":"highway","enabled":false},"version":2}},"categories":[5],"tags":[],"jetpack_publicize_connections":[],"jetpack_sharing_enabled":true,"jetpack_featured_media_url":"https:\/\/agendaparaguay.com\/v2\/wp-content\/uploads\/2024\/06\/erico_galeano_tribunales.jpg","_links":{"self":[{"href":"https:\/\/agendaparaguay.com\/v2\/wp-json\/wp\/v2\/posts\/65721"}],"collection":[{"href":"https:\/\/agendaparaguay.com\/v2\/wp-json\/wp\/v2\/posts"}],"about":[{"href":"https:\/\/agendaparaguay.com\/v2\/wp-json\/wp\/v2\/types\/post"}],"author":[{"embeddable":true,"href":"https:\/\/agendaparaguay.com\/v2\/wp-json\/wp\/v2\/users\/1"}],"replies":[{"embeddable":true,"href":"https:\/\/agendaparaguay.com\/v2\/wp-json\/wp\/v2\/comments?post=65721"}],"version-history":[{"count":2,"href":"https:\/\/agendaparaguay.com\/v2\/wp-json\/wp\/v2\/posts\/65721\/revisions"}],"predecessor-version":[{"id":65724,"href":"https:\/\/agendaparaguay.com\/v2\/wp-json\/wp\/v2\/posts\/65721\/revisions\/65724"}],"wp:featuredmedia":[{"embeddable":true,"href":"https:\/\/agendaparaguay.com\/v2\/wp-json\/wp\/v2\/media\/65722"}],"wp:attachment":[{"href":"https:\/\/agendaparaguay.com\/v2\/wp-json\/wp\/v2\/media?parent=65721"}],"wp:term":[{"taxonomy":"category","embeddable":true,"href":"https:\/\/agendaparaguay.com\/v2\/wp-json\/wp\/v2\/categories?post=65721"},{"taxonomy":"post_tag","embeddable":true,"href":"https:\/\/agendaparaguay.com\/v2\/wp-json\/wp\/v2\/tags?post=65721"}],"curies":[{"name":"wp","href":"https:\/\/api.w.org\/{rel}","templated":true}]}}