{"id":65855,"date":"2024-06-27T07:52:34","date_gmt":"2024-06-27T11:52:34","guid":{"rendered":"https:\/\/agendaparaguay.com\/v2\/?p=65855"},"modified":"2024-06-27T07:52:58","modified_gmt":"2024-06-27T11:52:58","slug":"se-lanzo-el-sistema-de-asistencia-tecnica-sat-del-ministerio-publico","status":"publish","type":"post","link":"https:\/\/agendaparaguay.com\/v2\/2024\/06\/27\/se-lanzo-el-sistema-de-asistencia-tecnica-sat-del-ministerio-publico\/","title":{"rendered":"Se lanz\u00f3 el Sistema de Asistencia T\u00e9cnica (SAT) del Ministerio P\u00fablico"},"content":{"rendered":"<p style=\"text-align: justify;\">El fiscal general del Estado, Dr. Emiliano Rol\u00f3n Fern\u00e1ndez, particip\u00f3 del lanzamiento del \u00abSistema de Asistencia T\u00e9cnica (SAT) del Ministerio P\u00fablico\u201d, cuya implementaci\u00f3n se encuentra a cargo del Centro de Entrenamiento del Ministerio P\u00fablico (CEMP), con el apoyo del Programa Estado de Derecho y Cultura de la Integridad, llevado adelante por el Instituto Desarrollo (ID) con la asistencia de la Agencia de los Estados Unidos para el Desarrollo Internacional (USAID PY).<!--more--><\/p>\n<p style=\"text-align: justify;\">\u00abEl Ministerio P\u00fablico en ese af\u00e1n de ir creciendo naturalmente tiene otros programas que debe ir elaborando en adelante, mirando siempre al futuro, porque esto que es investigaci\u00f3n criminal y otras misiones: como representaci\u00f3n social, c\u00f3mo intereses difusos, derechos de comunidades originarias y tambi\u00e9n la representaci\u00f3n social en general, nos obliga a extender nuestro horizonte inclusive de cooperaci\u00f3n. Ustedes saben que con la precariedad con que nos manejamos, nos obliga a movernos bastante, solamente tenemos presupuestos para algo elemental y en forma precaria en lo que es persecuci\u00f3n penal; y no as\u00ed en las otras \u00e1reas que s\u00ed exigen hoy seguimiento. C\u00f3mo no valorar la cooperaci\u00f3n, c\u00f3mo reclamar ese trabajo conjunto, c\u00f3mo no agradecer a la gente que est\u00e1 muy comprometida con esto que es misional\u00bb, destac\u00f3 Emiliano Rol\u00f3n durante la presentaci\u00f3n<\/p>\n<p style=\"text-align: justify;\">Resalt\u00f3 que lo ideal es que al t\u00e9rmino de esta misi\u00f3n, en algunos a\u00f1os, se cuente con la posibilidad cierta de inaugurar los primeros laboratorios forenses, no solamente en la capital, sino tambi\u00e9n en el interior del pa\u00eds.<\/p>\n<p style=\"text-align: justify;\">La exposici\u00f3n estuvo a cargo de Javier Contreras, Coordinador de Estado de Derecho del Programa, en tanto que la presentaci\u00f3n del SAT Penal, fue presentado por la Mg. Fanny Abarz\u00faa, directora de Enlace del Centro de Entrenamiento del Ministerio P\u00fablico.<\/p>\n<p style=\"text-align: justify;\">Asimismo la presentaci\u00f3n del SAT de Derechos Humanos, fue realizada por de la Dra. Doris Ojeda, docente de DD.HH del CEMP, mientras que la propuesta del Plan de Sostenibilidad del SAT para el Ministerio P\u00fablico, fue desarrollado por la consultora del programa, Madeleine Ruiz.<\/p>\n","protected":false},"excerpt":{"rendered":"<p>El fiscal general del Estado, Dr. Emiliano Rol\u00f3n Fern\u00e1ndez, particip\u00f3 del lanzamiento del \u00abSistema de Asistencia T\u00e9cnica (SAT) del Ministerio P\u00fablico\u201d, cuya implementaci\u00f3n se encuentra a cargo del Centro de&hellip; <\/p>\n","protected":false},"author":1,"featured_media":65856,"comment_status":"closed","ping_status":"open","sticky":false,"template":"","format":"standard","meta":{"sfsi_plus_gutenberg_text_before_share":"","sfsi_plus_gutenberg_show_text_before_share":"","sfsi_plus_gutenberg_icon_type":"","sfsi_plus_gutenberg_icon_alignemt":"","sfsi_plus_gutenburg_max_per_row":"","footnotes":"","_jetpack_memberships_contains_paid_content":false,"jetpack_publicize_message":"","jetpack_publicize_feature_enabled":true,"jetpack_social_post_already_shared":true,"jetpack_social_options":{"image_generator_settings":{"template":"highway","enabled":false},"version":2}},"categories":[5],"tags":[],"jetpack_publicize_connections":[],"jetpack_sharing_enabled":true,"jetpack_featured_media_url":"https:\/\/agendaparaguay.com\/v2\/wp-content\/uploads\/2024\/06\/emiliano_rolon_3.jpeg","_links":{"self":[{"href":"https:\/\/agendaparaguay.com\/v2\/wp-json\/wp\/v2\/posts\/65855"}],"collection":[{"href":"https:\/\/agendaparaguay.com\/v2\/wp-json\/wp\/v2\/posts"}],"about":[{"href":"https:\/\/agendaparaguay.com\/v2\/wp-json\/wp\/v2\/types\/post"}],"author":[{"embeddable":true,"href":"https:\/\/agendaparaguay.com\/v2\/wp-json\/wp\/v2\/users\/1"}],"replies":[{"embeddable":true,"href":"https:\/\/agendaparaguay.com\/v2\/wp-json\/wp\/v2\/comments?post=65855"}],"version-history":[{"count":1,"href":"https:\/\/agendaparaguay.com\/v2\/wp-json\/wp\/v2\/posts\/65855\/revisions"}],"predecessor-version":[{"id":65857,"href":"https:\/\/agendaparaguay.com\/v2\/wp-json\/wp\/v2\/posts\/65855\/revisions\/65857"}],"wp:featuredmedia":[{"embeddable":true,"href":"https:\/\/agendaparaguay.com\/v2\/wp-json\/wp\/v2\/media\/65856"}],"wp:attachment":[{"href":"https:\/\/agendaparaguay.com\/v2\/wp-json\/wp\/v2\/media?parent=65855"}],"wp:term":[{"taxonomy":"category","embeddable":true,"href":"https:\/\/agendaparaguay.com\/v2\/wp-json\/wp\/v2\/categories?post=65855"},{"taxonomy":"post_tag","embeddable":true,"href":"https:\/\/agendaparaguay.com\/v2\/wp-json\/wp\/v2\/tags?post=65855"}],"curies":[{"name":"wp","href":"https:\/\/api.w.org\/{rel}","templated":true}]}}