{"id":65876,"date":"2024-06-28T07:36:52","date_gmt":"2024-06-28T11:36:52","guid":{"rendered":"https:\/\/agendaparaguay.com\/v2\/?p=65876"},"modified":"2024-06-28T09:02:09","modified_gmt":"2024-06-28T13:02:09","slug":"incluiran-a-unas-13-000-familias-mas-a-tekopora-mbarete","status":"publish","type":"post","link":"https:\/\/agendaparaguay.com\/v2\/2024\/06\/28\/incluiran-a-unas-13-000-familias-mas-a-tekopora-mbarete\/","title":{"rendered":"Incluir\u00e1n a unas 13.000 familias m\u00e1s a Tekopor\u00e2 Mbarete"},"content":{"rendered":"<p style=\"text-align: justify;\">A trav\u00e9s del programa Tekopor\u00e3 Mbarete, el Ministerio de Desarrollo Social inici\u00f3 el proceso de inclusi\u00f3n nuevos participantes, esta vez en departamentos no priorizados en la primera etapa de este plan.<!--more--><\/p>\n<p style=\"text-align: justify;\">Esto implica la posibilidad a que familias de otras comunidades a recibir las Transferencias Monetarias Condicionadas (TMC) y acceder al acompa\u00f1amiento socio familiar y comunitario, como un elemento importante para mejorar sus condiciones de vida y sobre todo alcanzar la seguridad alimentaria.<\/p>\n<p style=\"text-align: justify;\">En este sentido, en el departamento de Cordillera se espera incluir a 1.800 familias de 20 distritos; en Guair\u00e1 a 1.800 familias de 18 distritos; Concepci\u00f3n; 2.000 familias en 14 distritos y en Paraguar\u00ed a 1.000 familias de 18 distritos. En estos lugares, el trabajo que realizan los coordinadores departamentales acompa\u00f1ados por t\u00e9cnicos del programa se extender\u00e1 hasta el viernes 28 de junio.<\/p>\n<p style=\"text-align: justify;\">En Amambay, 1.700 familias pertenecientes a 6 distritos; en Canindeyu, 2.000 familias de 16 municipios, Misiones, 1.200 grupos familiares asentados en 10 distritos y en Presidente Hayes se espera incluir a 1.500 familias de 11 distritos. En estas zonas el trabajo est\u00e1 previsto extender hasta el viernes 5 de julio.<\/p>\n<p style=\"text-align: justify;\">El Registro Social de Hogares es la herramienta base para realizar los estudios e incluir as\u00ed a personas que est\u00e1n situaci\u00f3n de pobreza y requieren de este programa social.<br \/>\nPor ahora, no se incluir\u00e1 a m\u00e1s adultos mayores<\/p>\n<p style=\"text-align: justify;\">Desde el MDS se aclara a los interesados y a la ciudadan\u00eda en general, que este trabajo no busca incluir a posibles participantes del programa de Adultos Mayores, sino \u00fanicamente a familias que cumplan con los requerimientos para participar del programa Tekopor\u00e3 Mbarete.<\/p>\n<p style=\"text-align: justify;\">Una vez que se cuenten con los recursos presupuestarios, se incluir\u00e1n a m\u00e1s adultos mayores como parte del programa. Los adultos mayores que quieran participar del programa, deben inscribirse v\u00eda p\u00e1gina WEB en www.mds.gov.py o en sus municipios. No hace falta que se acerquen hasta la sede del MDS para inscribirse. Fuente: Ip<\/p>\n","protected":false},"excerpt":{"rendered":"<p>A trav\u00e9s del programa Tekopor\u00e3 Mbarete, el Ministerio de Desarrollo Social inici\u00f3 el proceso de inclusi\u00f3n nuevos participantes, esta vez en departamentos no priorizados en la primera etapa de este&hellip; <\/p>\n","protected":false},"author":1,"featured_media":64210,"comment_status":"closed","ping_status":"open","sticky":false,"template":"","format":"standard","meta":{"sfsi_plus_gutenberg_text_before_share":"","sfsi_plus_gutenberg_show_text_before_share":"","sfsi_plus_gutenberg_icon_type":"","sfsi_plus_gutenberg_icon_alignemt":"","sfsi_plus_gutenburg_max_per_row":"","footnotes":"","_jetpack_memberships_contains_paid_content":false,"jetpack_publicize_message":"","jetpack_publicize_feature_enabled":true,"jetpack_social_post_already_shared":true,"jetpack_social_options":{"image_generator_settings":{"template":"highway","enabled":false},"version":2}},"categories":[5],"tags":[],"jetpack_publicize_connections":[],"jetpack_sharing_enabled":true,"jetpack_featured_media_url":"https:\/\/agendaparaguay.com\/v2\/wp-content\/uploads\/2024\/04\/tadeo_rojas_san_pedro.jpg","_links":{"self":[{"href":"https:\/\/agendaparaguay.com\/v2\/wp-json\/wp\/v2\/posts\/65876"}],"collection":[{"href":"https:\/\/agendaparaguay.com\/v2\/wp-json\/wp\/v2\/posts"}],"about":[{"href":"https:\/\/agendaparaguay.com\/v2\/wp-json\/wp\/v2\/types\/post"}],"author":[{"embeddable":true,"href":"https:\/\/agendaparaguay.com\/v2\/wp-json\/wp\/v2\/users\/1"}],"replies":[{"embeddable":true,"href":"https:\/\/agendaparaguay.com\/v2\/wp-json\/wp\/v2\/comments?post=65876"}],"version-history":[{"count":1,"href":"https:\/\/agendaparaguay.com\/v2\/wp-json\/wp\/v2\/posts\/65876\/revisions"}],"predecessor-version":[{"id":65877,"href":"https:\/\/agendaparaguay.com\/v2\/wp-json\/wp\/v2\/posts\/65876\/revisions\/65877"}],"wp:featuredmedia":[{"embeddable":true,"href":"https:\/\/agendaparaguay.com\/v2\/wp-json\/wp\/v2\/media\/64210"}],"wp:attachment":[{"href":"https:\/\/agendaparaguay.com\/v2\/wp-json\/wp\/v2\/media?parent=65876"}],"wp:term":[{"taxonomy":"category","embeddable":true,"href":"https:\/\/agendaparaguay.com\/v2\/wp-json\/wp\/v2\/categories?post=65876"},{"taxonomy":"post_tag","embeddable":true,"href":"https:\/\/agendaparaguay.com\/v2\/wp-json\/wp\/v2\/tags?post=65876"}],"curies":[{"name":"wp","href":"https:\/\/api.w.org\/{rel}","templated":true}]}}