{"id":65922,"date":"2024-07-01T08:20:34","date_gmt":"2024-07-01T12:20:34","guid":{"rendered":"https:\/\/agendaparaguay.com\/v2\/?p=65922"},"modified":"2024-07-01T11:25:52","modified_gmt":"2024-07-01T15:25:52","slug":"senador-iramain-no-asistira-de-la-presentacion-de-pena-y-reivindica-banca-de-kattya","status":"publish","type":"post","link":"https:\/\/agendaparaguay.com\/v2\/2024\/07\/01\/senador-iramain-no-asistira-de-la-presentacion-de-pena-y-reivindica-banca-de-kattya\/","title":{"rendered":"Senador Iramain no asistir\u00e1 de la presentaci\u00f3n de Pe\u00f1a y reivindica banca de Kattya"},"content":{"rendered":"<p style=\"text-align: justify;\">El senador suplente del Encuentro Nacional, Ignacio Iramain anunci\u00f3 que no participar\u00e1 este lunes de la sesi\u00f3n convocada para las 20:00 horas, donde el presidente de la rep\u00fablica, Santiago Pe\u00f1a concurrir\u00e1 ante el Legislativo en sesi\u00f3n para presentar el informe de gesti\u00f3n como mandatario.<!--more--><\/p>\n<p style=\"text-align: justify;\">La sesi\u00f3n ser\u00e1 presidida por el nuevo presidente, Basilio N\u00fa\u00f1ez, en tanto que la vicepresidencia del Congreso sigue en manos del colorado Ra\u00fal Latorre.<\/p>\n<p style=\"text-align: justify;\">\u00abInformo que no asistir\u00e9 a los actos protocolares convocados el 1 de julio en el Congreso. Con el contundente dictamen de la FGE -no vinculante pero jur\u00eddica y moralmente relevante- no me veo \u00e9ticamente habilitado a ocupar un lugar que es leg\u00edtimamente de la Sen. Kattya Gonz\u00e1lez\u00bb, destac\u00f3 el senador Iramain en su cuenta de la red social X.<\/p>\n<p style=\"text-align: justify;\">\u00abNo puedo participar en actos que pretenden expresar solo formalmente un equilibrio de poderes que en la pr\u00e1ctica se intenta desconocer.<\/p>\n<p style=\"text-align: justify;\">En una rep\u00fablica con democracia constitucional, los rituales deben corresponderse con el respeto a los principios y valores que la rigen\u00bb, agreg\u00f3.<\/p>\n<p style=\"text-align: justify;\">\u00abEsta es una decisi\u00f3n personal que no afecta, l\u00f3gicamente, a los colegas de la bancada democr\u00e1tica, y doy por sentado que ser\u00e1 generosamente comprendida\u00bb, sentenci\u00f3 el parlamentario.<\/p>\n","protected":false},"excerpt":{"rendered":"<p>El senador suplente del Encuentro Nacional, Ignacio Iramain anunci\u00f3 que no participar\u00e1 este lunes de la sesi\u00f3n convocada para las 20:00 horas, donde el presidente de la rep\u00fablica, Santiago Pe\u00f1a&hellip; <\/p>\n","protected":false},"author":1,"featured_media":62642,"comment_status":"closed","ping_status":"open","sticky":false,"template":"","format":"standard","meta":{"sfsi_plus_gutenberg_text_before_share":"","sfsi_plus_gutenberg_show_text_before_share":"","sfsi_plus_gutenberg_icon_type":"","sfsi_plus_gutenberg_icon_alignemt":"","sfsi_plus_gutenburg_max_per_row":"","footnotes":"","_jetpack_memberships_contains_paid_content":false,"jetpack_publicize_message":"","jetpack_publicize_feature_enabled":true,"jetpack_social_post_already_shared":true,"jetpack_social_options":{"image_generator_settings":{"template":"highway","enabled":false},"version":2}},"categories":[3],"tags":[],"jetpack_publicize_connections":[],"jetpack_sharing_enabled":true,"jetpack_featured_media_url":"https:\/\/agendaparaguay.com\/v2\/wp-content\/uploads\/2024\/02\/senador_ignacio_iramain.jpg","_links":{"self":[{"href":"https:\/\/agendaparaguay.com\/v2\/wp-json\/wp\/v2\/posts\/65922"}],"collection":[{"href":"https:\/\/agendaparaguay.com\/v2\/wp-json\/wp\/v2\/posts"}],"about":[{"href":"https:\/\/agendaparaguay.com\/v2\/wp-json\/wp\/v2\/types\/post"}],"author":[{"embeddable":true,"href":"https:\/\/agendaparaguay.com\/v2\/wp-json\/wp\/v2\/users\/1"}],"replies":[{"embeddable":true,"href":"https:\/\/agendaparaguay.com\/v2\/wp-json\/wp\/v2\/comments?post=65922"}],"version-history":[{"count":1,"href":"https:\/\/agendaparaguay.com\/v2\/wp-json\/wp\/v2\/posts\/65922\/revisions"}],"predecessor-version":[{"id":65923,"href":"https:\/\/agendaparaguay.com\/v2\/wp-json\/wp\/v2\/posts\/65922\/revisions\/65923"}],"wp:featuredmedia":[{"embeddable":true,"href":"https:\/\/agendaparaguay.com\/v2\/wp-json\/wp\/v2\/media\/62642"}],"wp:attachment":[{"href":"https:\/\/agendaparaguay.com\/v2\/wp-json\/wp\/v2\/media?parent=65922"}],"wp:term":[{"taxonomy":"category","embeddable":true,"href":"https:\/\/agendaparaguay.com\/v2\/wp-json\/wp\/v2\/categories?post=65922"},{"taxonomy":"post_tag","embeddable":true,"href":"https:\/\/agendaparaguay.com\/v2\/wp-json\/wp\/v2\/tags?post=65922"}],"curies":[{"name":"wp","href":"https:\/\/api.w.org\/{rel}","templated":true}]}}