{"id":66107,"date":"2024-07-08T15:41:26","date_gmt":"2024-07-08T19:41:26","guid":{"rendered":"https:\/\/agendaparaguay.com\/v2\/?p=66107"},"modified":"2024-07-09T07:01:57","modified_gmt":"2024-07-09T11:01:57","slug":"nunez-nombra-a-funcionaria-indigena-maltratada-por-chaquenito","status":"publish","type":"post","link":"https:\/\/agendaparaguay.com\/v2\/2024\/07\/08\/nunez-nombra-a-funcionaria-indigena-maltratada-por-chaquenito\/","title":{"rendered":"N\u00fa\u00f1ez nombra a funcionaria ind\u00edgena maltratada por \u00abChaque\u00f1ito\u00bb"},"content":{"rendered":"<p style=\"text-align: justify;\">El presidente del Senado, Basilio N\u00fa\u00f1ez firm\u00f3 la Resoluci\u00f3n n\u00famero 52 por la cual nombra a la se\u00f1ora Francisca Esp\u00ednola Zeballos, como funcionaria permanente de la c\u00e1mara alta. Se trata de la mujer que fue maltratada por el senador Javier Chaque\u00f1ito Vera.<!--more--><\/p>\n<p style=\"text-align: justify;\">La misma presta servicios en la Comisi\u00f3n de Pueblos Ind\u00edgenas de la c\u00e1mara alta.<\/p>\n<p style=\"text-align: justify;\">El senador Besilio N\u00fa\u00f1ez hab\u00eda prometivo promover a la funciobnaria al plantel permanente como compensaci\u00f3n al mal rato que hab\u00eda pasado en ese momento, promesa que cumpli\u00f3 finalmente en la fecha.<\/p>\n","protected":false},"excerpt":{"rendered":"<p>El presidente del Senado, Basilio N\u00fa\u00f1ez firm\u00f3 la Resoluci\u00f3n n\u00famero 52 por la cual nombra a la se\u00f1ora Francisca Esp\u00ednola Zeballos, como funcionaria permanente de la c\u00e1mara alta. Se trata&hellip; <\/p>\n","protected":false},"author":1,"featured_media":66108,"comment_status":"closed","ping_status":"open","sticky":false,"template":"","format":"standard","meta":{"sfsi_plus_gutenberg_text_before_share":"","sfsi_plus_gutenberg_show_text_before_share":"","sfsi_plus_gutenberg_icon_type":"","sfsi_plus_gutenberg_icon_alignemt":"","sfsi_plus_gutenburg_max_per_row":"","footnotes":"","_jetpack_memberships_contains_paid_content":false,"jetpack_publicize_message":"","jetpack_publicize_feature_enabled":true,"jetpack_social_post_already_shared":true,"jetpack_social_options":{"image_generator_settings":{"template":"highway","enabled":false},"version":2}},"categories":[3],"tags":[],"jetpack_publicize_connections":[],"jetpack_sharing_enabled":true,"jetpack_featured_media_url":"https:\/\/agendaparaguay.com\/v2\/wp-content\/uploads\/2024\/07\/francisca_espinola.png","_links":{"self":[{"href":"https:\/\/agendaparaguay.com\/v2\/wp-json\/wp\/v2\/posts\/66107"}],"collection":[{"href":"https:\/\/agendaparaguay.com\/v2\/wp-json\/wp\/v2\/posts"}],"about":[{"href":"https:\/\/agendaparaguay.com\/v2\/wp-json\/wp\/v2\/types\/post"}],"author":[{"embeddable":true,"href":"https:\/\/agendaparaguay.com\/v2\/wp-json\/wp\/v2\/users\/1"}],"replies":[{"embeddable":true,"href":"https:\/\/agendaparaguay.com\/v2\/wp-json\/wp\/v2\/comments?post=66107"}],"version-history":[{"count":1,"href":"https:\/\/agendaparaguay.com\/v2\/wp-json\/wp\/v2\/posts\/66107\/revisions"}],"predecessor-version":[{"id":66109,"href":"https:\/\/agendaparaguay.com\/v2\/wp-json\/wp\/v2\/posts\/66107\/revisions\/66109"}],"wp:featuredmedia":[{"embeddable":true,"href":"https:\/\/agendaparaguay.com\/v2\/wp-json\/wp\/v2\/media\/66108"}],"wp:attachment":[{"href":"https:\/\/agendaparaguay.com\/v2\/wp-json\/wp\/v2\/media?parent=66107"}],"wp:term":[{"taxonomy":"category","embeddable":true,"href":"https:\/\/agendaparaguay.com\/v2\/wp-json\/wp\/v2\/categories?post=66107"},{"taxonomy":"post_tag","embeddable":true,"href":"https:\/\/agendaparaguay.com\/v2\/wp-json\/wp\/v2\/tags?post=66107"}],"curies":[{"name":"wp","href":"https:\/\/api.w.org\/{rel}","templated":true}]}}