{"id":66275,"date":"2024-07-15T15:43:20","date_gmt":"2024-07-15T19:43:20","guid":{"rendered":"https:\/\/agendaparaguay.com\/v2\/?p=66275"},"modified":"2024-07-15T21:10:25","modified_gmt":"2024-07-16T01:10:25","slug":"fiscal-se-constituyo-en-fabrica-de-ochsi-ante-fuga-de-supuesto-amoniaco","status":"publish","type":"post","link":"https:\/\/agendaparaguay.com\/v2\/2024\/07\/15\/fiscal-se-constituyo-en-fabrica-de-ochsi-ante-fuga-de-supuesto-amoniaco\/","title":{"rendered":"Fiscal se constituy\u00f3 en f\u00e1brica de Ochsi ante fuga de supuesto amoniaco"},"content":{"rendered":"<p style=\"text-align: justify;\">Este lunes, una comitiva de la Unidad Especializada de Medio Ambiente del Ministerio P\u00fablico, a cargo de la agente fiscal Lorena Ledesma, se constituy\u00f3 en la f\u00e1brica de embutidos Ochsi, ubicada en la ciudad de San Lorenzo.<!--more--><!--more--><\/p>\n<p style=\"text-align: justify;\">La constituci\u00f3n se realiz\u00f3 tras la comunicaci\u00f3n del Ministerio del Ambiente y Desarrollo Sostenible (MADES) a la Fiscal\u00eda, referente a una probable fuga de supuesto amoniaco registrada en el establecimiento. El dato fue constatado por los peritos qu\u00edmicos de la Fiscal\u00eda y, seg\u00fan el reporte, la p\u00e9rdida de amoniaco habr\u00eda ocurrido en el \u00e1rea de m\u00e1quinas.<\/p>\n<p style=\"text-align: justify;\">Un grupo de trabajadores del sector de lavander\u00eda hab\u00eda percibido un olor diferente, parecido a combustible, por lo que fueron derivados al hospital IPS \u2013 INGAVI para una inspecci\u00f3n m\u00e9dica.<\/p>\n<p style=\"text-align: justify;\">Acompa\u00f1aron a la comitiva fiscal interviniente un equipo t\u00e9cnico de ingenieros qu\u00edmicos de la Direcci\u00f3n Especializada de Delitos Ambientales (DEDA) a fin de realizar los trabajos de rigor. Adem\u00e1s, estuvieron presentes fiscalizadores del municipio local, del MADES y del Ministerio del Trabajo.<\/p>\n<p style=\"text-align: justify;\">Seg\u00fan el reporte, dos trabajadores quedaron en observaci\u00f3n en el Hospital Ingavi del Instituto de Previsi\u00f3n Social (IPS), ante un supuesto cuadro de inhalaci\u00f3n de combustible.<\/p>\n<p style=\"text-align: justify;\">Antecedente:<\/p>\n<p style=\"text-align: justify;\">El pasado 7 de febrero se hab\u00eda registrado un caso similar, con la fuga del qu\u00edmico amoniaco, que dej\u00f3 una treintena de trabajadores heridos, de los cuales cuatro fallecieron. Seg\u00fan el informe, uno de los balones que conten\u00eda el \u00e1cido amoniaco explot\u00f3 durante la labor de los empleados de la referida empresa, lo que produjo la fuga del compuesto qu\u00edmico.<\/p>\n","protected":false},"excerpt":{"rendered":"<p>Este lunes, una comitiva de la Unidad Especializada de Medio Ambiente del Ministerio P\u00fablico, a cargo de la agente fiscal Lorena Ledesma, se constituy\u00f3 en la f\u00e1brica de embutidos Ochsi,&hellip; <\/p>\n","protected":false},"author":1,"featured_media":62075,"comment_status":"closed","ping_status":"open","sticky":false,"template":"","format":"standard","meta":{"sfsi_plus_gutenberg_text_before_share":"","sfsi_plus_gutenberg_show_text_before_share":"","sfsi_plus_gutenberg_icon_type":"","sfsi_plus_gutenberg_icon_alignemt":"","sfsi_plus_gutenburg_max_per_row":"","footnotes":"","_jetpack_memberships_contains_paid_content":false,"jetpack_publicize_message":"","jetpack_publicize_feature_enabled":true,"jetpack_social_post_already_shared":true,"jetpack_social_options":{"image_generator_settings":{"template":"highway","enabled":false},"version":2}},"categories":[5],"tags":[],"jetpack_publicize_connections":[],"jetpack_sharing_enabled":true,"jetpack_featured_media_url":"https:\/\/agendaparaguay.com\/v2\/wp-content\/uploads\/2024\/02\/accidente_oschi.png","_links":{"self":[{"href":"https:\/\/agendaparaguay.com\/v2\/wp-json\/wp\/v2\/posts\/66275"}],"collection":[{"href":"https:\/\/agendaparaguay.com\/v2\/wp-json\/wp\/v2\/posts"}],"about":[{"href":"https:\/\/agendaparaguay.com\/v2\/wp-json\/wp\/v2\/types\/post"}],"author":[{"embeddable":true,"href":"https:\/\/agendaparaguay.com\/v2\/wp-json\/wp\/v2\/users\/1"}],"replies":[{"embeddable":true,"href":"https:\/\/agendaparaguay.com\/v2\/wp-json\/wp\/v2\/comments?post=66275"}],"version-history":[{"count":2,"href":"https:\/\/agendaparaguay.com\/v2\/wp-json\/wp\/v2\/posts\/66275\/revisions"}],"predecessor-version":[{"id":66277,"href":"https:\/\/agendaparaguay.com\/v2\/wp-json\/wp\/v2\/posts\/66275\/revisions\/66277"}],"wp:featuredmedia":[{"embeddable":true,"href":"https:\/\/agendaparaguay.com\/v2\/wp-json\/wp\/v2\/media\/62075"}],"wp:attachment":[{"href":"https:\/\/agendaparaguay.com\/v2\/wp-json\/wp\/v2\/media?parent=66275"}],"wp:term":[{"taxonomy":"category","embeddable":true,"href":"https:\/\/agendaparaguay.com\/v2\/wp-json\/wp\/v2\/categories?post=66275"},{"taxonomy":"post_tag","embeddable":true,"href":"https:\/\/agendaparaguay.com\/v2\/wp-json\/wp\/v2\/tags?post=66275"}],"curies":[{"name":"wp","href":"https:\/\/api.w.org\/{rel}","templated":true}]}}