{"id":66343,"date":"2024-07-17T22:34:50","date_gmt":"2024-07-18T02:34:50","guid":{"rendered":"https:\/\/agendaparaguay.com\/v2\/?p=66343"},"modified":"2024-07-17T22:34:50","modified_gmt":"2024-07-18T02:34:50","slug":"presidente-del-plra-pedira-expulsion-de-3-concejales-de-asuncion","status":"publish","type":"post","link":"https:\/\/agendaparaguay.com\/v2\/2024\/07\/17\/presidente-del-plra-pedira-expulsion-de-3-concejales-de-asuncion\/","title":{"rendered":"Presidente del PLRA pedir\u00e1 expulsi\u00f3n de 3 concejales de Asunci\u00f3n"},"content":{"rendered":"<p style=\"text-align: justify;\">El presidente del Partido Liberal Radical Aut\u00e9ntico, Hugo Fleitas solicitar\u00e1 la suspensi\u00f3n de afiliaci\u00f3n de los concejales F\u00e9lix Ayala, Augusto Wagner y Ram\u00f3n Ortiz.<!--more--><\/p>\n<p style=\"text-align: justify;\">Los mismos acompa\u00f1aron con su voto la aprobaci\u00f3n de nuevos pr\u00e9stamos solicitados por el intendente de Asunci\u00f3n, Oscar Rodr\u00edguez.<\/p>\n<p style=\"text-align: justify;\">\u00abConsideramos aberrante, un atropello m\u00e1s a la ciudadan\u00eda asuncena y toda la ciudadan\u00eda paraguaya estas actitudes se den de parte de concejales que tendr\u00edan que representar los intereses de la gente, pero evidentemente representan los intereses de otra gente\u00bb, destac\u00f3 Fleitas en declaraciones a Radio Uni\u00f3n y Uni\u00f3n TV.<\/p>\n<p style=\"text-align: justify;\">\u00abYo creo que ellos no representan al PLRA en este momento\u00bb, agreg\u00f3.<\/p>\n<p style=\"text-align: justify;\">Fleitas dijo adem\u00e1s que \u00abestas son propuestas que van en contra de la ciudadan\u00eda\u00bb. \u00abNo es solo una cuesti\u00f3n partidaria, es una conducta que debemos tener los que ocupamos cargos electivos\u00bb, destac\u00f3.<\/p>\n<p style=\"text-align: justify;\">Indic\u00f3 que la pr\u00f3xima semana se reunir\u00e1 el directorio y all\u00ed se debatir\u00e1 el tema, para posteriormente solicitar la expulsi\u00f3n al Tribunal de Conducta del partido.<\/p>\n<p>Lo que escribi\u00f3 Fleitas en X.<\/p>\n<p>\u00abDeplorable actitud de los 3 concejales liberales de la @AsuncionMuni que siguen acompa\u00f1ando y son c\u00f3mplices de una de las peores administraciones municipales. Vamos a solicitar al Directorio la suspensi\u00f3n de ellos como afiliados y remitir los antecedentes al Tribunal de Conducta\u00bb, anunciaba el titular del Partido Liberal en su cuenta de la red social X.<\/p>\n","protected":false},"excerpt":{"rendered":"<p>El presidente del Partido Liberal Radical Aut\u00e9ntico, Hugo Fleitas solicitar\u00e1 la suspensi\u00f3n de afiliaci\u00f3n de los concejales F\u00e9lix Ayala, Augusto Wagner y Ram\u00f3n Ortiz.<\/p>\n","protected":false},"author":1,"featured_media":62863,"comment_status":"closed","ping_status":"open","sticky":false,"template":"","format":"standard","meta":{"sfsi_plus_gutenberg_text_before_share":"","sfsi_plus_gutenberg_show_text_before_share":"","sfsi_plus_gutenberg_icon_type":"","sfsi_plus_gutenberg_icon_alignemt":"","sfsi_plus_gutenburg_max_per_row":"","footnotes":"","_jetpack_memberships_contains_paid_content":false,"jetpack_publicize_message":"","jetpack_publicize_feature_enabled":true,"jetpack_social_post_already_shared":true,"jetpack_social_options":{"image_generator_settings":{"template":"highway","enabled":false},"version":2}},"categories":[2],"tags":[],"jetpack_publicize_connections":[],"jetpack_sharing_enabled":true,"jetpack_featured_media_url":"https:\/\/agendaparaguay.com\/v2\/wp-content\/uploads\/2024\/03\/hugo_fleitas_domingo.png","_links":{"self":[{"href":"https:\/\/agendaparaguay.com\/v2\/wp-json\/wp\/v2\/posts\/66343"}],"collection":[{"href":"https:\/\/agendaparaguay.com\/v2\/wp-json\/wp\/v2\/posts"}],"about":[{"href":"https:\/\/agendaparaguay.com\/v2\/wp-json\/wp\/v2\/types\/post"}],"author":[{"embeddable":true,"href":"https:\/\/agendaparaguay.com\/v2\/wp-json\/wp\/v2\/users\/1"}],"replies":[{"embeddable":true,"href":"https:\/\/agendaparaguay.com\/v2\/wp-json\/wp\/v2\/comments?post=66343"}],"version-history":[{"count":1,"href":"https:\/\/agendaparaguay.com\/v2\/wp-json\/wp\/v2\/posts\/66343\/revisions"}],"predecessor-version":[{"id":66344,"href":"https:\/\/agendaparaguay.com\/v2\/wp-json\/wp\/v2\/posts\/66343\/revisions\/66344"}],"wp:featuredmedia":[{"embeddable":true,"href":"https:\/\/agendaparaguay.com\/v2\/wp-json\/wp\/v2\/media\/62863"}],"wp:attachment":[{"href":"https:\/\/agendaparaguay.com\/v2\/wp-json\/wp\/v2\/media?parent=66343"}],"wp:term":[{"taxonomy":"category","embeddable":true,"href":"https:\/\/agendaparaguay.com\/v2\/wp-json\/wp\/v2\/categories?post=66343"},{"taxonomy":"post_tag","embeddable":true,"href":"https:\/\/agendaparaguay.com\/v2\/wp-json\/wp\/v2\/tags?post=66343"}],"curies":[{"name":"wp","href":"https:\/\/api.w.org\/{rel}","templated":true}]}}