{"id":66525,"date":"2024-07-25T10:40:00","date_gmt":"2024-07-25T14:40:00","guid":{"rendered":"https:\/\/agendaparaguay.com\/v2\/?p=66525"},"modified":"2024-07-25T17:35:26","modified_gmt":"2024-07-25T21:35:26","slug":"imputan-a-una-joven-madre-que-habria-vendido-a-su-hija-pequena","status":"publish","type":"post","link":"https:\/\/agendaparaguay.com\/v2\/2024\/07\/25\/imputan-a-una-joven-madre-que-habria-vendido-a-su-hija-pequena\/","title":{"rendered":"Imputan a una joven madre que habr\u00eda vendido a su hija peque\u00f1a"},"content":{"rendered":"<p>La fiscal Vivian Coronel present\u00f3 imputaci\u00f3n contra una joven de 21 a\u00f1os que habr\u00eda entregado a su hija de 1 a\u00f1o y 11 meses a otra mujer, supuestamente a cambio de dinero. El proceso penal es por el supuesto hecho punible de violaci\u00f3n de las reglas de adopci\u00f3n.<!--more--><\/p>\n<p style=\"text-align: justify;\">Seg\u00fan la investigaci\u00f3n, el hecho ocurri\u00f3 el 20 de julio de 2024, en horas de la ma\u00f1ana, en una vivienda del kil\u00f3metro 9 Acaray de Ciudad del Este.<\/p>\n<p style=\"text-align: justify;\">En esa oportunidad, la ahora imputada entreg\u00f3 supuestamente a su hija menor a una persona residente en la zona de Caaguaz\u00fa, con el fin de establecer una relaci\u00f3n de filiaci\u00f3n, a cambio habr\u00eda recibido la suma de 800.000 guaran\u00edes.<\/p>\n<p style=\"text-align: justify;\">La Unidad Especializada en Hechos Punibles contra Ni\u00f1os y Adolescentes recepcion\u00f3 la denuncia sobre el caso el 22 de julio \u00faltimo, presentada por la Consejer\u00eda Municipal por los Derechos del Ni\u00f1o, Ni\u00f1a y Adolescente (CODENI). Inmediatamente, la fiscal Coronel solicit\u00f3 al Juzgado Penal de Garant\u00edas de Atenci\u00f3n Permanente la emisi\u00f3n de una orden de allanamiento para ingresar a la vivienda donde ocurri\u00f3 el hecho.<\/p>\n<p style=\"text-align: justify;\">Posteriormente, mediante el Auto Interlocutorio n\u00famero 1031, de fecha 22 de julio de 2024, una comitiva fiscal y policial allan\u00f3 la casa ubicada en el kil\u00f3metro 9 Acaray y procedi\u00f3 a la aprehensi\u00f3n de la madre que habr\u00eda vendido a su hija, adem\u00e1s de incautar un tel\u00e9fono celular.<\/p>\n<p style=\"text-align: justify;\">Luego, la peque\u00f1a fue rescatada en el kil\u00f3metro 8, barrio Santa Luc\u00eda de la capital del Alto Paran\u00e1, de manos de la madre de la supuesta compradora y qued\u00f3 bajo el cuidado del defensor p\u00fablico para las medidas de urgencia y protecci\u00f3n pertinentes.<\/p>\n<p style=\"text-align: justify;\">Finalmente, la fiscal Vivian Coronel inici\u00f3 el proceso contra la joven madre y fundament\u00f3 su imputaci\u00f3n en la existencia de suficientes indicios de la comisi\u00f3n del hecho punible de violaci\u00f3n de las reglas de adopci\u00f3n. La representaci\u00f3n p\u00fablica solicit\u00f3 la aplicaci\u00f3n de medidas alternativas a la prisi\u00f3n para la encausada.<\/p>\n","protected":false},"excerpt":{"rendered":"<p>La fiscal Vivian Coronel present\u00f3 imputaci\u00f3n contra una joven de 21 a\u00f1os que habr\u00eda entregado a su hija de 1 a\u00f1o y 11 meses a otra mujer, supuestamente a cambio&hellip; <\/p>\n","protected":false},"author":1,"featured_media":60498,"comment_status":"closed","ping_status":"open","sticky":false,"template":"","format":"standard","meta":{"sfsi_plus_gutenberg_text_before_share":"","sfsi_plus_gutenberg_show_text_before_share":"","sfsi_plus_gutenberg_icon_type":"","sfsi_plus_gutenberg_icon_alignemt":"","sfsi_plus_gutenburg_max_per_row":"","footnotes":"","_jetpack_memberships_contains_paid_content":false,"jetpack_publicize_message":"","jetpack_publicize_feature_enabled":true,"jetpack_social_post_already_shared":true,"jetpack_social_options":{"image_generator_settings":{"template":"highway","enabled":false},"version":2}},"categories":[5],"tags":[],"jetpack_publicize_connections":[],"jetpack_sharing_enabled":true,"jetpack_featured_media_url":"https:\/\/agendaparaguay.com\/v2\/wp-content\/uploads\/2023\/12\/fiscalia-ministerio-publico-fachada.jpg","_links":{"self":[{"href":"https:\/\/agendaparaguay.com\/v2\/wp-json\/wp\/v2\/posts\/66525"}],"collection":[{"href":"https:\/\/agendaparaguay.com\/v2\/wp-json\/wp\/v2\/posts"}],"about":[{"href":"https:\/\/agendaparaguay.com\/v2\/wp-json\/wp\/v2\/types\/post"}],"author":[{"embeddable":true,"href":"https:\/\/agendaparaguay.com\/v2\/wp-json\/wp\/v2\/users\/1"}],"replies":[{"embeddable":true,"href":"https:\/\/agendaparaguay.com\/v2\/wp-json\/wp\/v2\/comments?post=66525"}],"version-history":[{"count":1,"href":"https:\/\/agendaparaguay.com\/v2\/wp-json\/wp\/v2\/posts\/66525\/revisions"}],"predecessor-version":[{"id":66526,"href":"https:\/\/agendaparaguay.com\/v2\/wp-json\/wp\/v2\/posts\/66525\/revisions\/66526"}],"wp:featuredmedia":[{"embeddable":true,"href":"https:\/\/agendaparaguay.com\/v2\/wp-json\/wp\/v2\/media\/60498"}],"wp:attachment":[{"href":"https:\/\/agendaparaguay.com\/v2\/wp-json\/wp\/v2\/media?parent=66525"}],"wp:term":[{"taxonomy":"category","embeddable":true,"href":"https:\/\/agendaparaguay.com\/v2\/wp-json\/wp\/v2\/categories?post=66525"},{"taxonomy":"post_tag","embeddable":true,"href":"https:\/\/agendaparaguay.com\/v2\/wp-json\/wp\/v2\/tags?post=66525"}],"curies":[{"name":"wp","href":"https:\/\/api.w.org\/{rel}","templated":true}]}}