{"id":66573,"date":"2024-07-26T15:00:08","date_gmt":"2024-07-26T19:00:08","guid":{"rendered":"https:\/\/agendaparaguay.com\/v2\/?p=66573"},"modified":"2024-07-26T23:54:43","modified_gmt":"2024-07-27T03:54:43","slug":"pena-se-reunio-con-infantino-para-hablar-sobre-preparativos-para-el-mundial-2030","status":"publish","type":"post","link":"https:\/\/agendaparaguay.com\/v2\/2024\/07\/26\/pena-se-reunio-con-infantino-para-hablar-sobre-preparativos-para-el-mundial-2030\/","title":{"rendered":"Pe\u00f1a se reuni\u00f3 con Infantino para hablar sobre preparativos para el Mundial 2030"},"content":{"rendered":"<p style=\"text-align: justify;\">El presidente Santiago Pe\u00f1a, se reuni\u00f3 este viernes con el presidente de la Federaci\u00f3n Internacional de Futbol Asociado (FIFA), Gianni Infantino, para conversar de los preparativos del Mundial 2030, que tendr\u00e1 a Paraguay como sede de uno de sus partidos inaugurales.<!--more--><\/p>\n<p style=\"text-align: justify;\">\u00abEn este encuentro reafirmamos nuestro compromiso de trabajar juntos para que el Mundial sea una celebraci\u00f3n inolvidable del f\u00fatbol y de nuestra cultura\u00bb, expres\u00f3 el mandatario paraguayo a trav\u00e9s de sus redes sociales, informando sobre la reuni\u00f3n.<\/p>\n<p style=\"text-align: justify;\">Pe\u00f1a destac\u00f3 que Paraguay se prepara para recibir a las selecciones y a los fan\u00e1ticos de todo el mundo con los brazos abiertos, afirmando que \u00abes un orgullo inmenso para Paraguay ser una de las sedes de este hist\u00f3rico evento\u00bb.<\/p>\n<p style=\"text-align: justify;\">En 2030 se celebrar\u00e1 una edici\u00f3n hist\u00f3rica del Mundial de F\u00fatbol, al cumplirse cien a\u00f1os de su primera edicaci\u00f3n.<\/p>\n<p style=\"text-align: justify;\">Paraguay, junto con Argentina y Uruguay ser\u00e1n sedes de los partidos inaugurales del certamen, mientras que los dem\u00e1s partidos se disputar\u00e1n en Espa\u00f1a, Portugal y Marruecos.<\/p>\n<p style=\"text-align: justify;\">De esta forma, el torneo se disputar\u00e1 en un total de seis pa\u00edses y tres continentes, algo que ocurrir\u00e1 por primera vez. Feunte: Ip<\/p>\n","protected":false},"excerpt":{"rendered":"<p>El presidente Santiago Pe\u00f1a, se reuni\u00f3 este viernes con el presidente de la Federaci\u00f3n Internacional de Futbol Asociado (FIFA), Gianni Infantino, para conversar de los preparativos del Mundial 2030, que&hellip; <\/p>\n","protected":false},"author":1,"featured_media":66574,"comment_status":"closed","ping_status":"open","sticky":false,"template":"","format":"standard","meta":{"sfsi_plus_gutenberg_text_before_share":"","sfsi_plus_gutenberg_show_text_before_share":"","sfsi_plus_gutenberg_icon_type":"","sfsi_plus_gutenberg_icon_alignemt":"","sfsi_plus_gutenburg_max_per_row":"","footnotes":"","_jetpack_memberships_contains_paid_content":false,"jetpack_publicize_message":"","jetpack_publicize_feature_enabled":true,"jetpack_social_post_already_shared":true,"jetpack_social_options":{"image_generator_settings":{"template":"highway","enabled":false},"version":2}},"categories":[2],"tags":[],"jetpack_publicize_connections":[],"jetpack_sharing_enabled":true,"jetpack_featured_media_url":"https:\/\/agendaparaguay.com\/v2\/wp-content\/uploads\/2024\/07\/santi_infantino.jpg","_links":{"self":[{"href":"https:\/\/agendaparaguay.com\/v2\/wp-json\/wp\/v2\/posts\/66573"}],"collection":[{"href":"https:\/\/agendaparaguay.com\/v2\/wp-json\/wp\/v2\/posts"}],"about":[{"href":"https:\/\/agendaparaguay.com\/v2\/wp-json\/wp\/v2\/types\/post"}],"author":[{"embeddable":true,"href":"https:\/\/agendaparaguay.com\/v2\/wp-json\/wp\/v2\/users\/1"}],"replies":[{"embeddable":true,"href":"https:\/\/agendaparaguay.com\/v2\/wp-json\/wp\/v2\/comments?post=66573"}],"version-history":[{"count":1,"href":"https:\/\/agendaparaguay.com\/v2\/wp-json\/wp\/v2\/posts\/66573\/revisions"}],"predecessor-version":[{"id":66575,"href":"https:\/\/agendaparaguay.com\/v2\/wp-json\/wp\/v2\/posts\/66573\/revisions\/66575"}],"wp:featuredmedia":[{"embeddable":true,"href":"https:\/\/agendaparaguay.com\/v2\/wp-json\/wp\/v2\/media\/66574"}],"wp:attachment":[{"href":"https:\/\/agendaparaguay.com\/v2\/wp-json\/wp\/v2\/media?parent=66573"}],"wp:term":[{"taxonomy":"category","embeddable":true,"href":"https:\/\/agendaparaguay.com\/v2\/wp-json\/wp\/v2\/categories?post=66573"},{"taxonomy":"post_tag","embeddable":true,"href":"https:\/\/agendaparaguay.com\/v2\/wp-json\/wp\/v2\/tags?post=66573"}],"curies":[{"name":"wp","href":"https:\/\/api.w.org\/{rel}","templated":true}]}}