{"id":67516,"date":"2024-09-10T10:47:36","date_gmt":"2024-09-10T14:47:36","guid":{"rendered":"https:\/\/agendaparaguay.com\/v2\/?p=67516"},"modified":"2024-09-10T13:51:44","modified_gmt":"2024-09-10T17:51:44","slug":"chaco-fiscalia-abre-investigacion-sobre-incendio-en-el-cerro-chovoreca","status":"publish","type":"post","link":"https:\/\/agendaparaguay.com\/v2\/2024\/09\/10\/chaco-fiscalia-abre-investigacion-sobre-incendio-en-el-cerro-chovoreca\/","title":{"rendered":"Chaco: Fiscal\u00eda abre investigaci\u00f3n sobre incendio en el cerro Chovoreca"},"content":{"rendered":"<p style=\"text-align: justify;\">El fiscal de Fuerte Olimpo, Nelson Colm\u00e1n, inici\u00f3 una causa penal para intentar dilucidar las circunstancias en que se iniciaron los incendios forestales en las \u00e1reas protegidas en la zona del Cerro Chovoreca, en el departamento de Alto Paraguay, en la frontera entre nuestro pa\u00eds y Bolivia.<!--more--><\/p>\n<p style=\"text-align: justify;\">El representante del Ministerio P\u00fablico comunic\u00f3 al juzgado jurisdiccional la apertura de la carpeta fiscal y oficiar\u00e1 a la Direcci\u00f3n de los Registros P\u00fablicos a los efectos de recabar informaci\u00f3n sobre la titularidad de los inmuebles en donde supuestamente se iniciaron los focos de calor.<\/p>\n<p style=\"text-align: justify;\">El Instituto Forestal Nacional (Infona) denunci\u00f3 ante el Ministerio P\u00fablico la posible comisi\u00f3n de hecho punible contra el medio ambiente, establecido en las leyes 716\/96, sin perjuicio de otros delitos y\/o cr\u00edmenes que pudieran resaltar durante la investigaci\u00f3n, como as\u00ed tambi\u00e9n, la determinaci\u00f3n de los responsables del hecho que pudieran surgir.<\/p>\n<p style=\"text-align: justify;\">El ente agreg\u00f3 en la denuncia presentada ante la Fiscal\u00eda el reporte de Incidentes n.\u00b00002\/2024 (Monitoreo Satelital de Incendios Forestales), elaborado por la Direcci\u00f3n de Sistema Nacional de Informaci\u00f3n Forestal (DSNIF). En este documento figuran los focos de calor detectados por el ente, seg\u00fan el an\u00e1lisis del incidente se registraron desde el 02\/09\/2024 un total de 3476 focos de calor, que representan el avance del fuego en el \u00e1rea de inter\u00e9s.<\/p>\n<p style=\"text-align: justify;\">Agrega el escrito que hasta la fecha el incidente registra un total de 24 propiedades afectadas. El fuego que se hab\u00eda iniciado en territorio paraguayo, luego se extendi\u00f3 hacia Bolivia. Debido a la situaci\u00f3n, se analiza la posibilidad de trasladar a los nativos que habitan en la zona hacia otras regiones.<\/p>\n","protected":false},"excerpt":{"rendered":"<p>El fiscal de Fuerte Olimpo, Nelson Colm\u00e1n, inici\u00f3 una causa penal para intentar dilucidar las circunstancias en que se iniciaron los incendios forestales en las \u00e1reas protegidas en la zona&hellip; <\/p>\n","protected":false},"author":1,"featured_media":67489,"comment_status":"closed","ping_status":"open","sticky":false,"template":"","format":"standard","meta":{"sfsi_plus_gutenberg_text_before_share":"","sfsi_plus_gutenberg_show_text_before_share":"","sfsi_plus_gutenberg_icon_type":"","sfsi_plus_gutenberg_icon_alignemt":"","sfsi_plus_gutenburg_max_per_row":"","footnotes":"","_jetpack_memberships_contains_paid_content":false,"jetpack_publicize_message":"","jetpack_publicize_feature_enabled":true,"jetpack_social_post_already_shared":true,"jetpack_social_options":{"image_generator_settings":{"template":"highway","enabled":false},"version":2}},"categories":[5],"tags":[],"jetpack_publicize_connections":[],"jetpack_sharing_enabled":true,"jetpack_featured_media_url":"https:\/\/agendaparaguay.com\/v2\/wp-content\/uploads\/2024\/09\/incendio_chovoreca.png","_links":{"self":[{"href":"https:\/\/agendaparaguay.com\/v2\/wp-json\/wp\/v2\/posts\/67516"}],"collection":[{"href":"https:\/\/agendaparaguay.com\/v2\/wp-json\/wp\/v2\/posts"}],"about":[{"href":"https:\/\/agendaparaguay.com\/v2\/wp-json\/wp\/v2\/types\/post"}],"author":[{"embeddable":true,"href":"https:\/\/agendaparaguay.com\/v2\/wp-json\/wp\/v2\/users\/1"}],"replies":[{"embeddable":true,"href":"https:\/\/agendaparaguay.com\/v2\/wp-json\/wp\/v2\/comments?post=67516"}],"version-history":[{"count":1,"href":"https:\/\/agendaparaguay.com\/v2\/wp-json\/wp\/v2\/posts\/67516\/revisions"}],"predecessor-version":[{"id":67517,"href":"https:\/\/agendaparaguay.com\/v2\/wp-json\/wp\/v2\/posts\/67516\/revisions\/67517"}],"wp:featuredmedia":[{"embeddable":true,"href":"https:\/\/agendaparaguay.com\/v2\/wp-json\/wp\/v2\/media\/67489"}],"wp:attachment":[{"href":"https:\/\/agendaparaguay.com\/v2\/wp-json\/wp\/v2\/media?parent=67516"}],"wp:term":[{"taxonomy":"category","embeddable":true,"href":"https:\/\/agendaparaguay.com\/v2\/wp-json\/wp\/v2\/categories?post=67516"},{"taxonomy":"post_tag","embeddable":true,"href":"https:\/\/agendaparaguay.com\/v2\/wp-json\/wp\/v2\/tags?post=67516"}],"curies":[{"name":"wp","href":"https:\/\/api.w.org\/{rel}","templated":true}]}}