{"id":67534,"date":"2024-09-10T14:20:13","date_gmt":"2024-09-10T18:20:13","guid":{"rendered":"https:\/\/agendaparaguay.com\/v2\/?p=67534"},"modified":"2024-09-10T20:01:37","modified_gmt":"2024-09-11T00:01:37","slug":"mec-pide-restringir-clases-de-educacion-fisica-recreos-y-otras-actividades-al-aire-libre","status":"publish","type":"post","link":"https:\/\/agendaparaguay.com\/v2\/2024\/09\/10\/mec-pide-restringir-clases-de-educacion-fisica-recreos-y-otras-actividades-al-aire-libre\/","title":{"rendered":"MEC pide restringir clases de educaci\u00f3n f\u00edsica, recreos y otras actividades al aire libre"},"content":{"rendered":"<p style=\"text-align: justify;\">El Ministerio de Educaci\u00f3n y Ciencias (MEC) insta a suspender todo tipo de actividades al aire libre en las instituciones educativas, incluyendo los recesos, atendiendo a la mala calidad del aire que se respira actualmente en varias zonas del pa\u00eds, producto de los incendios forestales.<!--more--><\/p>\n<p>\u201cQuiero recomendar a todas las escuelas que la actividad al aire libre, de educaci\u00f3n f\u00edsica y en los recreos, no tenerla en este tiempo, es decir, suspender toda actividad al aire libre, esa es nuestra recomendaci\u00f3n para todos\u201d, declar\u00f3 el ministro de Educaci\u00f3n, Luis Ram\u00edrez.<\/p>\n<p style=\"text-align: justify;\">En ese orden, la cartera educativa tambi\u00e9n autoriza la suspensi\u00f3n de clases en las escuelas cuyos niveles de contaminaci\u00f3n del aire es mucho m\u00e1s elevada, situaci\u00f3n que se da principalmente en el Chaco.<\/p>\n<p style=\"text-align: justify;\">\u201cLas escuelas que definieron ayer suspender son escuelas donde a un contexto de 100 metros no se ve\u00eda nada de la humareda, se dificultaban todos tipo de actividades no solo para la escuela\u201d, explic\u00f3 tras la reuni\u00f3n que mantuvo este martes con el presidente de la Rep\u00fablica, Santiago Pe\u00f1a, en Mburuvicha R\u00f3ga.<\/p>\n<p style=\"text-align: justify;\">El secretario de Estado anunci\u00f3 que realizan monitoreos constantes a trav\u00e9s de acciones combinadas con el Ministerio del Ambiente y el Ministerio de Salud, adem\u00e1s de una comunicaci\u00f3n permanente con los directores departamentales para tomar decisiones acertadas y sobre todo, teniendo una situaci\u00f3n real de las comunidades.<\/p>\n<p style=\"text-align: justify;\">Requerido sobre c\u00f3mo se estar\u00edan recuperando las clases en aquellas localidades donde fueron suspendidas, el ministro coment\u00f3 que se pueden plantear una serie de estrategias, teniendo en cuenta que ser\u00e1n unos pocos d\u00edas. Cit\u00f3 el caso de tener clases los s\u00e1bados o en tambi\u00e9n extenderla en turnos opuestos.<\/p>\n<p style=\"text-align: justify;\">\u201cTambi\u00e9n se puede trabajar en la modalidad a distancia, gestionar peque\u00f1os encuentros donde se distribuyen las tareas, estableciendo un proceso a distancia, en caso de ser necesaria. Creo que podemos recuperarla en turnos opuestos o los s\u00e1bados, ya que son muy pocos los d\u00edas de suspensiones escolares\u201d, remarc\u00f3.<\/p>\n<p style=\"text-align: justify;\">Por otro lado, el ministro aclar\u00f3 que no se proveer\u00e1 de alimentaci\u00f3n escolar en las instituciones cuyas clases est\u00e1n suspendidas, debido a que la movilidad social se torna bastante complicada por la elevada contaminaci\u00f3n del aire. Se mostr\u00f3 confiado en que dicha situaci\u00f3n ser\u00e1 por unos pocos d\u00edas. Fuente: Ip<\/p>\n","protected":false},"excerpt":{"rendered":"<p>El Ministerio de Educaci\u00f3n y Ciencias (MEC) insta a suspender todo tipo de actividades al aire libre en las instituciones educativas, incluyendo los recesos, atendiendo a la mala calidad del&hellip; <\/p>\n","protected":false},"author":1,"featured_media":67535,"comment_status":"closed","ping_status":"open","sticky":false,"template":"","format":"standard","meta":{"sfsi_plus_gutenberg_text_before_share":"","sfsi_plus_gutenberg_show_text_before_share":"","sfsi_plus_gutenberg_icon_type":"","sfsi_plus_gutenberg_icon_alignemt":"","sfsi_plus_gutenburg_max_per_row":"","footnotes":"","_jetpack_memberships_contains_paid_content":false,"jetpack_publicize_message":"","jetpack_publicize_feature_enabled":true,"jetpack_social_post_already_shared":true,"jetpack_social_options":{"image_generator_settings":{"template":"highway","enabled":false},"version":2}},"categories":[2],"tags":[],"jetpack_publicize_connections":[],"jetpack_sharing_enabled":true,"jetpack_featured_media_url":"https:\/\/agendaparaguay.com\/v2\/wp-content\/uploads\/2024\/09\/mec_luis_ramirez_conferencia.jpg","_links":{"self":[{"href":"https:\/\/agendaparaguay.com\/v2\/wp-json\/wp\/v2\/posts\/67534"}],"collection":[{"href":"https:\/\/agendaparaguay.com\/v2\/wp-json\/wp\/v2\/posts"}],"about":[{"href":"https:\/\/agendaparaguay.com\/v2\/wp-json\/wp\/v2\/types\/post"}],"author":[{"embeddable":true,"href":"https:\/\/agendaparaguay.com\/v2\/wp-json\/wp\/v2\/users\/1"}],"replies":[{"embeddable":true,"href":"https:\/\/agendaparaguay.com\/v2\/wp-json\/wp\/v2\/comments?post=67534"}],"version-history":[{"count":1,"href":"https:\/\/agendaparaguay.com\/v2\/wp-json\/wp\/v2\/posts\/67534\/revisions"}],"predecessor-version":[{"id":67536,"href":"https:\/\/agendaparaguay.com\/v2\/wp-json\/wp\/v2\/posts\/67534\/revisions\/67536"}],"wp:featuredmedia":[{"embeddable":true,"href":"https:\/\/agendaparaguay.com\/v2\/wp-json\/wp\/v2\/media\/67535"}],"wp:attachment":[{"href":"https:\/\/agendaparaguay.com\/v2\/wp-json\/wp\/v2\/media?parent=67534"}],"wp:term":[{"taxonomy":"category","embeddable":true,"href":"https:\/\/agendaparaguay.com\/v2\/wp-json\/wp\/v2\/categories?post=67534"},{"taxonomy":"post_tag","embeddable":true,"href":"https:\/\/agendaparaguay.com\/v2\/wp-json\/wp\/v2\/tags?post=67534"}],"curies":[{"name":"wp","href":"https:\/\/api.w.org\/{rel}","templated":true}]}}