{"id":67538,"date":"2024-09-10T20:02:34","date_gmt":"2024-09-11T00:02:34","guid":{"rendered":"https:\/\/agendaparaguay.com\/v2\/?p=67538"},"modified":"2024-09-11T10:33:48","modified_gmt":"2024-09-11T14:33:48","slug":"imputan-a-un-hombre-implicado-en-presunto-secuestro-de-un-nino","status":"publish","type":"post","link":"https:\/\/agendaparaguay.com\/v2\/2024\/09\/10\/imputan-a-un-hombre-implicado-en-presunto-secuestro-de-un-nino\/","title":{"rendered":"Imputan a un hombre implicado en presunto secuestro de un ni\u00f1o"},"content":{"rendered":"<p style=\"text-align: justify;\">Se trata de Jorge Blas Marmolejo L\u00f3pez, imputado por el fiscal Lorenzo Lezcano por la presunta comisi\u00f3n del hecho punible de secuestro. Es en el marco de una investigaci\u00f3n donde se encuentran implicadas, hasta el momento, tres personas que supuestamente secuestraron a un menor de 5 a\u00f1os, semanas atr\u00e1s en la localidad de Villa Ygatim\u00ed, Canindey\u00fa.<!--more--><\/p>\n<p style=\"text-align: justify;\">El mencionado hombre fue detenido el pasado viernes y tra\u00eddo a Asunci\u00f3n para ser puesto a disposici\u00f3n del Ministerio P\u00fablico. El procedimiento se hab\u00eda realizado en la v\u00eda p\u00fablica, donde se incautaron varias evidencias. Agentes policiales mencionaron que al momento de la detenci\u00f3n de Marmolejo, \u00e9ste se encontraba acompa\u00f1ado de su esposa.<\/p>\n<p style=\"text-align: justify;\">El secuestro se habr\u00eda reportado el pasado 20 de agosto. Seg\u00fan el relato de los hechos, la v\u00edctima del hecho fue llevada de los brazos de su madre por dos personas que estaban a bordo de una motocicleta, quienes le exigieron que lo entregue; fue liberado dos horas despu\u00e9s.<\/p>\n<p>&nbsp;<\/p>\n","protected":false},"excerpt":{"rendered":"<p>Se trata de Jorge Blas Marmolejo L\u00f3pez, imputado por el fiscal Lorenzo Lezcano por la presunta comisi\u00f3n del hecho punible de secuestro. Es en el marco de una investigaci\u00f3n donde&hellip; <\/p>\n","protected":false},"author":1,"featured_media":60498,"comment_status":"closed","ping_status":"open","sticky":false,"template":"","format":"standard","meta":{"sfsi_plus_gutenberg_text_before_share":"","sfsi_plus_gutenberg_show_text_before_share":"","sfsi_plus_gutenberg_icon_type":"","sfsi_plus_gutenberg_icon_alignemt":"","sfsi_plus_gutenburg_max_per_row":"","footnotes":"","_jetpack_memberships_contains_paid_content":false,"jetpack_publicize_message":"","jetpack_publicize_feature_enabled":true,"jetpack_social_post_already_shared":true,"jetpack_social_options":{"image_generator_settings":{"template":"highway","enabled":false},"version":2}},"categories":[5],"tags":[],"jetpack_publicize_connections":[],"jetpack_sharing_enabled":true,"jetpack_featured_media_url":"https:\/\/agendaparaguay.com\/v2\/wp-content\/uploads\/2023\/12\/fiscalia-ministerio-publico-fachada.jpg","_links":{"self":[{"href":"https:\/\/agendaparaguay.com\/v2\/wp-json\/wp\/v2\/posts\/67538"}],"collection":[{"href":"https:\/\/agendaparaguay.com\/v2\/wp-json\/wp\/v2\/posts"}],"about":[{"href":"https:\/\/agendaparaguay.com\/v2\/wp-json\/wp\/v2\/types\/post"}],"author":[{"embeddable":true,"href":"https:\/\/agendaparaguay.com\/v2\/wp-json\/wp\/v2\/users\/1"}],"replies":[{"embeddable":true,"href":"https:\/\/agendaparaguay.com\/v2\/wp-json\/wp\/v2\/comments?post=67538"}],"version-history":[{"count":1,"href":"https:\/\/agendaparaguay.com\/v2\/wp-json\/wp\/v2\/posts\/67538\/revisions"}],"predecessor-version":[{"id":67539,"href":"https:\/\/agendaparaguay.com\/v2\/wp-json\/wp\/v2\/posts\/67538\/revisions\/67539"}],"wp:featuredmedia":[{"embeddable":true,"href":"https:\/\/agendaparaguay.com\/v2\/wp-json\/wp\/v2\/media\/60498"}],"wp:attachment":[{"href":"https:\/\/agendaparaguay.com\/v2\/wp-json\/wp\/v2\/media?parent=67538"}],"wp:term":[{"taxonomy":"category","embeddable":true,"href":"https:\/\/agendaparaguay.com\/v2\/wp-json\/wp\/v2\/categories?post=67538"},{"taxonomy":"post_tag","embeddable":true,"href":"https:\/\/agendaparaguay.com\/v2\/wp-json\/wp\/v2\/tags?post=67538"}],"curies":[{"name":"wp","href":"https:\/\/api.w.org\/{rel}","templated":true}]}}