{"id":67909,"date":"2024-09-30T09:30:22","date_gmt":"2024-09-30T13:30:22","guid":{"rendered":"https:\/\/agendaparaguay.com\/v2\/?p=67909"},"modified":"2024-10-01T07:20:15","modified_gmt":"2024-10-01T11:20:15","slug":"defensores-publicos-cobrarian-honorarios-a-los-mas-pudientes","status":"publish","type":"post","link":"https:\/\/agendaparaguay.com\/v2\/2024\/09\/30\/defensores-publicos-cobrarian-honorarios-a-los-mas-pudientes\/","title":{"rendered":"Defensores p\u00fablicos cobrar\u00edan honorarios a los m\u00e1s pudientes"},"content":{"rendered":"<p style=\"text-align: justify;\">La C\u00e1mara de Diputados analizar\u00e1 este martes, el proyecto de ley \u201cQue modifica el art\u00edculos 59 y 76 de la Ley N\u00b0 4.423\/2011 \u201cOrg\u00e1nica del Ministerio de la Defensa P\u00fablica\u201d, iniciativa que tiene el objetivo de que los defensores p\u00fablicos puedan cobrar honorarios a imputados que cuenten con suficientes recursos econ\u00f3micos.<!--more--><\/p>\n<p style=\"text-align: justify;\">En el Art. 59 de la referida ley, la propuesta establece que, en el fuero penal la gratuidad del servicio de los defensores p\u00fablicos va a limitarse \u00fanicamente a aquellos casos en que el asistido no cuente con medios econ\u00f3micos suficientes para solventar un abogado de su confianza.<\/p>\n<p style=\"text-align: justify;\">Estipula que en los dem\u00e1s casos, los defensores p\u00fablicos deber\u00e1n regular honorarios.<\/p>\n<p style=\"text-align: justify;\">Seg\u00fan la exposici\u00f3n de motivos, el objetivo es \u00abpermitir a la instituci\u00f3n una mejor administraci\u00f3n de sus recursos en favor de las personas con verdadera vulnerabilidad econ\u00f3mica\u00bb.<\/p>\n<p style=\"text-align: justify;\">Argumenta, por otro lado, que esto evitar\u00e1 que personas con recursos suficientes se aprovechen del servicio gratuito \u00aben detrimento de las personas sin recursos econ\u00f3micos y en detrimento de los abogados privados\u00bb.<\/p>\n<p style=\"text-align: justify;\">Respecto a la modificaci\u00f3n del Art. 76 se propone que los honorarios cobrados por los defensores p\u00fablicos, tambi\u00e9n pasen a formar parte del fondo especial que maneja el Ministerio de la Defensa P\u00fablica, para solventar gastos de investigaci\u00f3n, capacitaci\u00f3n y equipamiento.<\/p>\n<p style=\"text-align: justify;\">En resumen, en la actualidad el Ministerio de la Defensa P\u00fablica est\u00e1, en primer lugar, obligado a prestar asistencia en el fuero penal todas las veces que una persona o un \u00f3rgano jurisdiccional lo soliciten; y en segundo lugar, est\u00e1 obligado a que su servicio sea gratuito en todos los casos.<\/p>\n<p style=\"text-align: justify;\">Con las modificaciones propuestas, el Ministerio de la Defensa P\u00fablica seguir\u00e1 estando obligado a prestar asistencia en el fuero penal todas las veces que una persona o un \u00f3rgano jurisdiccional lo soliciten, pero ya no estar\u00e1 obligado a que su asistencia sea gratuita en todos los casos.<\/p>\n<p style=\"text-align: justify;\">Este proyecto ya cuenta con aprobaci\u00f3n, en general, y aguarda su tratamiento art\u00edculo por art\u00edculo (en particular).<\/p>\n<p>&nbsp;<\/p>\n","protected":false},"excerpt":{"rendered":"<p>La C\u00e1mara de Diputados analizar\u00e1 este martes, el proyecto de ley \u201cQue modifica el art\u00edculos 59 y 76 de la Ley N\u00b0 4.423\/2011 \u201cOrg\u00e1nica del Ministerio de la Defensa P\u00fablica\u201d,&hellip; <\/p>\n","protected":false},"author":1,"featured_media":36706,"comment_status":"closed","ping_status":"open","sticky":false,"template":"","format":"standard","meta":{"sfsi_plus_gutenberg_text_before_share":"","sfsi_plus_gutenberg_show_text_before_share":"","sfsi_plus_gutenberg_icon_type":"","sfsi_plus_gutenberg_icon_alignemt":"","sfsi_plus_gutenburg_max_per_row":"","footnotes":"","_jetpack_memberships_contains_paid_content":false,"jetpack_publicize_message":"","jetpack_publicize_feature_enabled":true,"jetpack_social_post_already_shared":true,"jetpack_social_options":{"image_generator_settings":{"template":"highway","enabled":false},"version":2}},"categories":[4],"tags":[],"jetpack_publicize_connections":[],"jetpack_sharing_enabled":true,"jetpack_featured_media_url":"https:\/\/agendaparaguay.com\/v2\/wp-content\/uploads\/2021\/09\/defensa_publica_fachada.jpg","_links":{"self":[{"href":"https:\/\/agendaparaguay.com\/v2\/wp-json\/wp\/v2\/posts\/67909"}],"collection":[{"href":"https:\/\/agendaparaguay.com\/v2\/wp-json\/wp\/v2\/posts"}],"about":[{"href":"https:\/\/agendaparaguay.com\/v2\/wp-json\/wp\/v2\/types\/post"}],"author":[{"embeddable":true,"href":"https:\/\/agendaparaguay.com\/v2\/wp-json\/wp\/v2\/users\/1"}],"replies":[{"embeddable":true,"href":"https:\/\/agendaparaguay.com\/v2\/wp-json\/wp\/v2\/comments?post=67909"}],"version-history":[{"count":1,"href":"https:\/\/agendaparaguay.com\/v2\/wp-json\/wp\/v2\/posts\/67909\/revisions"}],"predecessor-version":[{"id":67910,"href":"https:\/\/agendaparaguay.com\/v2\/wp-json\/wp\/v2\/posts\/67909\/revisions\/67910"}],"wp:featuredmedia":[{"embeddable":true,"href":"https:\/\/agendaparaguay.com\/v2\/wp-json\/wp\/v2\/media\/36706"}],"wp:attachment":[{"href":"https:\/\/agendaparaguay.com\/v2\/wp-json\/wp\/v2\/media?parent=67909"}],"wp:term":[{"taxonomy":"category","embeddable":true,"href":"https:\/\/agendaparaguay.com\/v2\/wp-json\/wp\/v2\/categories?post=67909"},{"taxonomy":"post_tag","embeddable":true,"href":"https:\/\/agendaparaguay.com\/v2\/wp-json\/wp\/v2\/tags?post=67909"}],"curies":[{"name":"wp","href":"https:\/\/api.w.org\/{rel}","templated":true}]}}