{"id":68001,"date":"2024-10-03T16:00:26","date_gmt":"2024-10-03T20:00:26","guid":{"rendered":"https:\/\/agendaparaguay.com\/v2\/?p=68001"},"modified":"2024-10-03T14:07:32","modified_gmt":"2024-10-03T18:07:32","slug":"piden-informe-al-mec-sobre-labor-de-profesores-sombra-en-escuelas-del-pais","status":"publish","type":"post","link":"https:\/\/agendaparaguay.com\/v2\/2024\/10\/03\/piden-informe-al-mec-sobre-labor-de-profesores-sombra-en-escuelas-del-pais\/","title":{"rendered":"Piden Informe al MEC sobre labor de \u201cprofesores sombra\u201d en escuelas del pa\u00eds"},"content":{"rendered":"<p style=\"text-align: justify;\">A iniciativa del diputado Ra\u00fal Ben\u00edtez, la c\u00e1mara baja aprob\u00f3 un proyecto de Resoluci\u00f3n que solicita informes al Ministerio de Educaci\u00f3n y Ciencias (MEC) sobre los denominados \u00abprofesores sombra\u00bb.<!--more--><\/p>\n<p style=\"text-align: justify;\">Es importante mencionar que una profesora sombra, tambi\u00e9n conocida como maestra de apoyo a la inclusi\u00f3n, es un profesional que ayuda a los ni\u00f1os con dificultades psicosociales a adaptarse y desarrollarse en el entorno educativo.<\/p>\n<p style=\"text-align: justify;\">El documento requiere un informe detallado sobre los docentes que figuran en la n\u00f3mina del MEC y que desempe\u00f1an esas funciones espec\u00edficas.<\/p>\n<p style=\"text-align: justify;\">Asimismo, solicita especificar el n\u00famero de docentes asignados a esta tarea, la cantidad de alumnos matriculados que requieren dicha asistencia y el n\u00famero de instituciones educativas que cuentan con estos profesionales.<\/p>\n<p style=\"text-align: justify;\">Adem\u00e1s, el proyecto pide informaci\u00f3n sobre la planificaci\u00f3n de la contrataci\u00f3n de este tipo de docentes y cualquier otro dato relevante relacionado con el tema, todo ello en formatos CSV y PDF.<\/p>\n<p style=\"text-align: justify;\">Igualmente, se solicita la remisi\u00f3n de copias de los documentos que respalden la informaci\u00f3n proporcionada, as\u00ed como cualquier otro registro que obre en poder del ministerio, tambi\u00e9n en formatos CSV y PDF.<\/p>\n<p style=\"text-align: justify;\">Se otorga un plazo de 15 d\u00edas para la presentaci\u00f3n de lo requerido ante la Honorable C\u00e1mara de Diputados, de acuerdo con lo establecido en el art\u00edculo 192 de la Constituci\u00f3n Nacional y el art\u00edculo 4\u00b0 de la Ley N\u00b0 5453\/15. Fuente: Diputados<\/p>\n","protected":false},"excerpt":{"rendered":"<p>A iniciativa del diputado Ra\u00fal Ben\u00edtez, la c\u00e1mara baja aprob\u00f3 un proyecto de Resoluci\u00f3n que solicita informes al Ministerio de Educaci\u00f3n y Ciencias (MEC) sobre los denominados \u00abprofesores sombra\u00bb.<\/p>\n","protected":false},"author":1,"featured_media":56318,"comment_status":"closed","ping_status":"open","sticky":false,"template":"","format":"standard","meta":{"sfsi_plus_gutenberg_text_before_share":"","sfsi_plus_gutenberg_show_text_before_share":"","sfsi_plus_gutenberg_icon_type":"","sfsi_plus_gutenberg_icon_alignemt":"","sfsi_plus_gutenburg_max_per_row":"","footnotes":"","_jetpack_memberships_contains_paid_content":false,"jetpack_publicize_message":"","jetpack_publicize_feature_enabled":true,"jetpack_social_post_already_shared":true,"jetpack_social_options":{"image_generator_settings":{"template":"highway","enabled":false},"version":2}},"categories":[4],"tags":[],"jetpack_publicize_connections":[],"jetpack_sharing_enabled":true,"jetpack_featured_media_url":"https:\/\/agendaparaguay.com\/v2\/wp-content\/uploads\/2023\/07\/pleno_diputados_2023_2.jpg","_links":{"self":[{"href":"https:\/\/agendaparaguay.com\/v2\/wp-json\/wp\/v2\/posts\/68001"}],"collection":[{"href":"https:\/\/agendaparaguay.com\/v2\/wp-json\/wp\/v2\/posts"}],"about":[{"href":"https:\/\/agendaparaguay.com\/v2\/wp-json\/wp\/v2\/types\/post"}],"author":[{"embeddable":true,"href":"https:\/\/agendaparaguay.com\/v2\/wp-json\/wp\/v2\/users\/1"}],"replies":[{"embeddable":true,"href":"https:\/\/agendaparaguay.com\/v2\/wp-json\/wp\/v2\/comments?post=68001"}],"version-history":[{"count":1,"href":"https:\/\/agendaparaguay.com\/v2\/wp-json\/wp\/v2\/posts\/68001\/revisions"}],"predecessor-version":[{"id":68002,"href":"https:\/\/agendaparaguay.com\/v2\/wp-json\/wp\/v2\/posts\/68001\/revisions\/68002"}],"wp:featuredmedia":[{"embeddable":true,"href":"https:\/\/agendaparaguay.com\/v2\/wp-json\/wp\/v2\/media\/56318"}],"wp:attachment":[{"href":"https:\/\/agendaparaguay.com\/v2\/wp-json\/wp\/v2\/media?parent=68001"}],"wp:term":[{"taxonomy":"category","embeddable":true,"href":"https:\/\/agendaparaguay.com\/v2\/wp-json\/wp\/v2\/categories?post=68001"},{"taxonomy":"post_tag","embeddable":true,"href":"https:\/\/agendaparaguay.com\/v2\/wp-json\/wp\/v2\/tags?post=68001"}],"curies":[{"name":"wp","href":"https:\/\/api.w.org\/{rel}","templated":true}]}}