{"id":68364,"date":"2024-10-22T14:08:50","date_gmt":"2024-10-22T17:08:50","guid":{"rendered":"https:\/\/agendaparaguay.com\/v2\/?p=68364"},"modified":"2024-10-22T14:08:50","modified_gmt":"2024-10-22T17:08:50","slug":"diputados-rinde-homenaje-a-los-heroes-de-la-lucha-contra-los-incendios-forestales","status":"publish","type":"post","link":"https:\/\/agendaparaguay.com\/v2\/2024\/10\/22\/diputados-rinde-homenaje-a-los-heroes-de-la-lucha-contra-los-incendios-forestales\/","title":{"rendered":"Diputados rinde homenaje a los h\u00e9roes de la lucha contra los incendios forestales"},"content":{"rendered":"<p style=\"text-align: justify;\">El presidente de Diputados Ra\u00fal Latorre, entreg\u00f3 el reconocimiento aprobado por el\u00a0 pleno a\u00a0 la valiente labor de las compa\u00f1\u00edas de Bomberos Voluntarios (CBVP &#8211; JNCBV &#8211; ABVP), otorg\u00e1ndoles el prestigioso premio \u201cPadres de la Patria\u201d. Este galard\u00f3n resalta el compromiso y la dedicaci\u00f3n demostrados por los voluntarios durante los recientes incendios en el Chaco.<!--more--><\/p>\n<p style=\"text-align: justify;\">La propulsora de esta iniciativa, diputada Mar\u00eda Constancia Ben\u00edtez, manifest\u00f3 que este reconocimiento debe traducirse en un esfuerzo colectivo para mejorar las condiciones en las que los bomberos voluntarios desempe\u00f1an su labor.<\/p>\n<p style=\"text-align: justify;\">\u201cSu dedicaci\u00f3n y sacrificio no han pasado desapercibidos. Cada uno de ustedes ha demostrado que en momentos m\u00e1s dif\u00edciles hay quienes est\u00e1n dispuestos a poner en riesgo su propia seguridad por el bienestar de los dem\u00e1s\u201d, declar\u00f3.<\/p>\n<p style=\"text-align: justify;\">La ceremonia de premiaci\u00f3n resalt\u00f3 la entrega y el compromiso de los bomberos, pues enfrentaron las llamas con altruismo y eficiencia.<\/p>\n<p style=\"text-align: justify;\">La intervenci\u00f3n de estos nobles servidores fue esencial para proteger la biodiversidad y los establecimientos en las zonas de riesgo, coincidieron en se\u00f1alar varios legisladores; al tiempo de enfatizar que los bomberos han arriesgado sus vidas para preservar la fauna y la flora.<\/p>\n<p style=\"text-align: justify;\">El Brig. Gral. Richard L\u00f3pez, presidente de la Asociaci\u00f3n de Instituciones de Bomberos Voluntarios del Paraguay, en representaci\u00f3n de varios exponentes de diferentes compa\u00f1\u00edas de bomberos combatientes, sostuvo que \u201ces muy importante recibir este tipo de reconocimientos, porque el voluntariado se nutre de este tipo de cosas\u201d.<\/p>\n<p style=\"text-align: justify;\">Como sello final, el titular de la instituci\u00f3n parlamentaria felicit\u00f3 a los homenajeados y sentenci\u00f3 que constituyen la mejor versi\u00f3n del pueblo paraguayo.<\/p>\n<p style=\"text-align: justify;\">\u201cEste reconocimiento no solo refleja el agradecimiento de la naci\u00f3n hacia los bomberos voluntarios, sino que tambi\u00e9n representa un reconocimiento p\u00fablico a la valent\u00eda y el sacrificio\u201d, manifest\u00f3 el presidente Latorre. Fuente: Diputados<\/p>\n","protected":false},"excerpt":{"rendered":"<p>El presidente de Diputados Ra\u00fal Latorre, entreg\u00f3 el reconocimiento aprobado por el\u00a0 pleno a\u00a0 la valiente labor de las compa\u00f1\u00edas de Bomberos Voluntarios (CBVP &#8211; JNCBV &#8211; ABVP), otorg\u00e1ndoles el&hellip; <\/p>\n","protected":false},"author":1,"featured_media":68365,"comment_status":"closed","ping_status":"open","sticky":false,"template":"","format":"standard","meta":{"sfsi_plus_gutenberg_text_before_share":"","sfsi_plus_gutenberg_show_text_before_share":"","sfsi_plus_gutenberg_icon_type":"","sfsi_plus_gutenberg_icon_alignemt":"","sfsi_plus_gutenburg_max_per_row":"","footnotes":"","_jetpack_memberships_contains_paid_content":false,"jetpack_publicize_message":"","jetpack_publicize_feature_enabled":true,"jetpack_social_post_already_shared":true,"jetpack_social_options":{"image_generator_settings":{"template":"highway","enabled":false},"version":2}},"categories":[4],"tags":[],"jetpack_publicize_connections":[],"jetpack_sharing_enabled":true,"jetpack_featured_media_url":"https:\/\/agendaparaguay.com\/v2\/wp-content\/uploads\/2024\/10\/bomberos.jpg","_links":{"self":[{"href":"https:\/\/agendaparaguay.com\/v2\/wp-json\/wp\/v2\/posts\/68364"}],"collection":[{"href":"https:\/\/agendaparaguay.com\/v2\/wp-json\/wp\/v2\/posts"}],"about":[{"href":"https:\/\/agendaparaguay.com\/v2\/wp-json\/wp\/v2\/types\/post"}],"author":[{"embeddable":true,"href":"https:\/\/agendaparaguay.com\/v2\/wp-json\/wp\/v2\/users\/1"}],"replies":[{"embeddable":true,"href":"https:\/\/agendaparaguay.com\/v2\/wp-json\/wp\/v2\/comments?post=68364"}],"version-history":[{"count":1,"href":"https:\/\/agendaparaguay.com\/v2\/wp-json\/wp\/v2\/posts\/68364\/revisions"}],"predecessor-version":[{"id":68366,"href":"https:\/\/agendaparaguay.com\/v2\/wp-json\/wp\/v2\/posts\/68364\/revisions\/68366"}],"wp:featuredmedia":[{"embeddable":true,"href":"https:\/\/agendaparaguay.com\/v2\/wp-json\/wp\/v2\/media\/68365"}],"wp:attachment":[{"href":"https:\/\/agendaparaguay.com\/v2\/wp-json\/wp\/v2\/media?parent=68364"}],"wp:term":[{"taxonomy":"category","embeddable":true,"href":"https:\/\/agendaparaguay.com\/v2\/wp-json\/wp\/v2\/categories?post=68364"},{"taxonomy":"post_tag","embeddable":true,"href":"https:\/\/agendaparaguay.com\/v2\/wp-json\/wp\/v2\/tags?post=68364"}],"curies":[{"name":"wp","href":"https:\/\/api.w.org\/{rel}","templated":true}]}}