{"id":68676,"date":"2024-11-04T15:53:00","date_gmt":"2024-11-04T18:53:00","guid":{"rendered":"https:\/\/agendaparaguay.com\/v2\/?p=68676"},"modified":"2024-11-05T08:05:36","modified_gmt":"2024-11-05T11:05:36","slug":"robo-de-cheques-condenan-a-6-anos-de-carcel-a-ramon-gonzalez-daher","status":"publish","type":"post","link":"https:\/\/agendaparaguay.com\/v2\/2024\/11\/04\/robo-de-cheques-condenan-a-6-anos-de-carcel-a-ramon-gonzalez-daher\/","title":{"rendered":"Robo de cheques: condenan a 6 a\u00f1os de c\u00e1rcel a Ram\u00f3n Gonz\u00e1lez Daher"},"content":{"rendered":"<p style=\"text-align: justify;\">El fiscal Luis Pi\u00f1anez, obtuvo la condena de Ram\u00f3n Gonz\u00e1lez Daher, a 6 a\u00f1os de pena privativa de libertad, por la comisi\u00f3n del hecho punible de quebrantamiento de dep\u00f3sito y reducci\u00f3n, en calidad de autor.<!--more--><\/p>\n<p style=\"text-align: justify;\">La Fiscal\u00eda logr\u00f3 probar en el marco del juicio oral y p\u00fablico que, efectivamente, el acusado fue el responsable de la reducci\u00f3n de los documentos bancarios hurtados del Juzgado Penal de Garant\u00edas Especializado n.\u00b0 1, a cargo del juez Humberto Otaz\u00fa. Los jueces Juan Carlos Z\u00e1rate, Mar\u00eda Fernanda Garc\u00eda y H\u00e9ctor Capurro, integraron el Tribunal de Sentencia.<\/p>\n<p style=\"text-align: justify;\">Cabe recordar que el representante del Ministerio P\u00fablico pidi\u00f3 una condena de 12 a\u00f1os de c\u00e1rcel para el procesado, acusado de quebrantamiento de dep\u00f3sito y hurto agravado, como instigador, y reducci\u00f3n en calidad de autor, en el marco de la causa abierta luego de que se hurtaran, en el a\u00f1o 2021 m\u00e1s de 471 cheques de un juzgado en lo Penal.<\/p>\n<p style=\"text-align: justify;\">Gonz\u00e1lez Daher ya cuenta con dos condenas de 15 a\u00f1os de penitenciar\u00eda en las causas abiertas en su contra por usura y lavado de dinero; y de 7 a\u00f1os de prisi\u00f3n por falso testimonio.<\/p>\n","protected":false},"excerpt":{"rendered":"<p>El fiscal Luis Pi\u00f1anez, obtuvo la condena de Ram\u00f3n Gonz\u00e1lez Daher, a 6 a\u00f1os de pena privativa de libertad, por la comisi\u00f3n del hecho punible de quebrantamiento de dep\u00f3sito y&hellip; <\/p>\n","protected":false},"author":1,"featured_media":39715,"comment_status":"closed","ping_status":"open","sticky":false,"template":"","format":"standard","meta":{"sfsi_plus_gutenberg_text_before_share":"","sfsi_plus_gutenberg_show_text_before_share":"","sfsi_plus_gutenberg_icon_type":"","sfsi_plus_gutenberg_icon_alignemt":"","sfsi_plus_gutenburg_max_per_row":"","footnotes":"","_jetpack_memberships_contains_paid_content":false,"jetpack_publicize_message":"","jetpack_publicize_feature_enabled":true,"jetpack_social_post_already_shared":true,"jetpack_social_options":{"image_generator_settings":{"template":"highway","enabled":false},"version":2}},"categories":[2],"tags":[],"jetpack_publicize_connections":[],"jetpack_sharing_enabled":true,"jetpack_featured_media_url":"https:\/\/agendaparaguay.com\/v2\/wp-content\/uploads\/2022\/01\/ramon_gonzalez_daher_esposado.jpg","_links":{"self":[{"href":"https:\/\/agendaparaguay.com\/v2\/wp-json\/wp\/v2\/posts\/68676"}],"collection":[{"href":"https:\/\/agendaparaguay.com\/v2\/wp-json\/wp\/v2\/posts"}],"about":[{"href":"https:\/\/agendaparaguay.com\/v2\/wp-json\/wp\/v2\/types\/post"}],"author":[{"embeddable":true,"href":"https:\/\/agendaparaguay.com\/v2\/wp-json\/wp\/v2\/users\/1"}],"replies":[{"embeddable":true,"href":"https:\/\/agendaparaguay.com\/v2\/wp-json\/wp\/v2\/comments?post=68676"}],"version-history":[{"count":1,"href":"https:\/\/agendaparaguay.com\/v2\/wp-json\/wp\/v2\/posts\/68676\/revisions"}],"predecessor-version":[{"id":68677,"href":"https:\/\/agendaparaguay.com\/v2\/wp-json\/wp\/v2\/posts\/68676\/revisions\/68677"}],"wp:featuredmedia":[{"embeddable":true,"href":"https:\/\/agendaparaguay.com\/v2\/wp-json\/wp\/v2\/media\/39715"}],"wp:attachment":[{"href":"https:\/\/agendaparaguay.com\/v2\/wp-json\/wp\/v2\/media?parent=68676"}],"wp:term":[{"taxonomy":"category","embeddable":true,"href":"https:\/\/agendaparaguay.com\/v2\/wp-json\/wp\/v2\/categories?post=68676"},{"taxonomy":"post_tag","embeddable":true,"href":"https:\/\/agendaparaguay.com\/v2\/wp-json\/wp\/v2\/tags?post=68676"}],"curies":[{"name":"wp","href":"https:\/\/api.w.org\/{rel}","templated":true}]}}