{"id":68927,"date":"2024-11-15T11:08:43","date_gmt":"2024-11-15T14:08:43","guid":{"rendered":"https:\/\/agendaparaguay.com\/v2\/?p=68927"},"modified":"2024-11-15T14:13:52","modified_gmt":"2024-11-15T17:13:52","slug":"senado-aceptaria-aumento-de-pena-a-30-anos-a-abusadores-sexuales-de-menores","status":"publish","type":"post","link":"https:\/\/agendaparaguay.com\/v2\/2024\/11\/15\/senado-aceptaria-aumento-de-pena-a-30-anos-a-abusadores-sexuales-de-menores\/","title":{"rendered":"Senado aceptar\u00eda aumento de pena a 30 a\u00f1os a abusadores sexuales de menores"},"content":{"rendered":"<p>La comisi\u00f3n de Familia, Ni\u00f1ez y Adolescencia que preside Lizarella Valiente confirm\u00f3 que la comisi\u00f3n asesora emiti\u00f3 el dictamen por la aprobaci\u00f3n de las modificaciones introducidas por la c\u00e1mara de Diputados, con lo que la pena por casos de violaci\u00f3n de menores subir\u00e1 a 30 a\u00f1os.<!--more--><\/p>\n<p>Inicialmente, el Senado hab\u00eda aprobado elevar de 5 a 28 a\u00f1os, en base a los agravantes, sin embargo, la c\u00e1mara baja decidi\u00f3 elevar a 30 a\u00f1os.<\/p>\n<p>Valiente, explic\u00f3 que las secuelas dejadas por estos abusadores dejan secuelas irreparables en sus v\u00edctimas, por lo que consider\u00f3 pertinente aplicar la m\u00e1xima pena.<\/p>\n<p>En su tercer tr\u00e1mite constitucional, el Senado ten\u00eda en el orden del d\u00eda figuraba para su tratamiento en el Senado el pasado mi\u00e9rcoles, sin embargo, ya no se pudo tratar debo al largo debate que tuvo la Ley del Servicio Civil.<\/p>\n<p>Sin embargo, Valiente dijo que este lunes en mesa directiva solicitar\u00e1 que se incluya nuevamente el proyecto para su tratamiento para el d\u00eda mi\u00e9rcoles de la pr\u00f3xima semana.<\/p>\n<p>\u00abLas secuelas que quedan en los ni\u00f1os son irreversibles, el trauma por lo que pasan tambi\u00e9n\u00bb, se\u00f1al\u00f3.<\/p>\n<p>Indic\u00f3 que los victimarios \u00abno matan porque les consideran sus juguetes sexuales\u00bb, una dolorosa realidad que debe ser castigada ejemplarmente, sentenci\u00f3.<\/p>\n","protected":false},"excerpt":{"rendered":"<p>La comisi\u00f3n de Familia, Ni\u00f1ez y Adolescencia que preside Lizarella Valiente confirm\u00f3 que la comisi\u00f3n asesora emiti\u00f3 el dictamen por la aprobaci\u00f3n de las modificaciones introducidas por la c\u00e1mara de&hellip; <\/p>\n","protected":false},"author":1,"featured_media":68928,"comment_status":"closed","ping_status":"open","sticky":false,"template":"","format":"standard","meta":{"sfsi_plus_gutenberg_text_before_share":"","sfsi_plus_gutenberg_show_text_before_share":"","sfsi_plus_gutenberg_icon_type":"","sfsi_plus_gutenberg_icon_alignemt":"","sfsi_plus_gutenburg_max_per_row":"","footnotes":"","_jetpack_memberships_contains_paid_content":false,"jetpack_publicize_message":"","jetpack_publicize_feature_enabled":true,"jetpack_social_post_already_shared":true,"jetpack_social_options":{"image_generator_settings":{"template":"highway","enabled":false},"version":2}},"categories":[3],"tags":[],"jetpack_publicize_connections":[],"jetpack_sharing_enabled":true,"jetpack_featured_media_url":"https:\/\/agendaparaguay.com\/v2\/wp-content\/uploads\/2024\/11\/lizarella_pasillo.jpg","_links":{"self":[{"href":"https:\/\/agendaparaguay.com\/v2\/wp-json\/wp\/v2\/posts\/68927"}],"collection":[{"href":"https:\/\/agendaparaguay.com\/v2\/wp-json\/wp\/v2\/posts"}],"about":[{"href":"https:\/\/agendaparaguay.com\/v2\/wp-json\/wp\/v2\/types\/post"}],"author":[{"embeddable":true,"href":"https:\/\/agendaparaguay.com\/v2\/wp-json\/wp\/v2\/users\/1"}],"replies":[{"embeddable":true,"href":"https:\/\/agendaparaguay.com\/v2\/wp-json\/wp\/v2\/comments?post=68927"}],"version-history":[{"count":1,"href":"https:\/\/agendaparaguay.com\/v2\/wp-json\/wp\/v2\/posts\/68927\/revisions"}],"predecessor-version":[{"id":68929,"href":"https:\/\/agendaparaguay.com\/v2\/wp-json\/wp\/v2\/posts\/68927\/revisions\/68929"}],"wp:featuredmedia":[{"embeddable":true,"href":"https:\/\/agendaparaguay.com\/v2\/wp-json\/wp\/v2\/media\/68928"}],"wp:attachment":[{"href":"https:\/\/agendaparaguay.com\/v2\/wp-json\/wp\/v2\/media?parent=68927"}],"wp:term":[{"taxonomy":"category","embeddable":true,"href":"https:\/\/agendaparaguay.com\/v2\/wp-json\/wp\/v2\/categories?post=68927"},{"taxonomy":"post_tag","embeddable":true,"href":"https:\/\/agendaparaguay.com\/v2\/wp-json\/wp\/v2\/tags?post=68927"}],"curies":[{"name":"wp","href":"https:\/\/api.w.org\/{rel}","templated":true}]}}