{"id":69120,"date":"2024-11-25T11:25:25","date_gmt":"2024-11-25T14:25:25","guid":{"rendered":"https:\/\/agendaparaguay.com\/v2\/?p=69120"},"modified":"2024-11-25T13:16:49","modified_gmt":"2024-11-25T16:16:49","slug":"piden-g-8-000-millones-mas-para-mantenimiento-del-bloque-de-pediatria-de-clinicas","status":"publish","type":"post","link":"https:\/\/agendaparaguay.com\/v2\/2024\/11\/25\/piden-g-8-000-millones-mas-para-mantenimiento-del-bloque-de-pediatria-de-clinicas\/","title":{"rendered":"Piden G. 8.000 millones m\u00e1s para mantenimiento del bloque de Pediatr\u00eda de Cl\u00ednicas"},"content":{"rendered":"<p style=\"text-align: justify;\">El jefe de la C\u00e1tedra de Pediatr\u00eda del Hospital de Cl\u00ednicas, Dr. Hassel Jimmy Jim\u00e9nez Rol\u00f3n encabez\u00f3 una comitiva de m\u00e9dicos y residentes del bloque de Pediatr\u00eda del Hospital de Cl\u00ednicas a la sede del Congreso para solicitar una ampliaci\u00f3n presupuestaria para el pr\u00f3ximo presupuesto 2025.<!--more--><\/p>\n<p style=\"text-align: justify;\">Se trata de G. 8.000 millones que solicitan para el mantenimiento del edificio, as\u00ed como introducir mejoras al equipamiento que desde hace a\u00f1os no pueden realizar debido al escaso presupuesto aprobado cada a\u00f1o para el Hospital.<\/p>\n<p style=\"text-align: justify;\">Jim\u00e9nez explic\u00f3 que la c\u00e1mara de Diputados aprob\u00f3 la mitad del monto peticionado, es decir, unos G. 4.000 millones, pero que loa intenci\u00f3n es que el Senado incluya la totalidad del monto peticionado.<\/p>\n<p style=\"text-align: justify;\">Dijo que mensualmente reciben a unos 3.000 ni\u00f1os para consultas, sin contar con los que quedan bajo la atenci\u00f3n del bloque de pediatr\u00eda para los distintos tipos de tratamientos.<\/p>\n<p style=\"text-align: justify;\">\u00abLo que pedimos es para el presupuesto del pr\u00f3ximo a\u00f1o\u00bb, indic\u00f3 y agreg\u00f3 \u00abS\u00ed hace falta muchas reparaciones ya que es un lugar muy concurrido, no solo por pacientes, sino tambi\u00e9n de los alumnos de la facultad de Medicina y los 350 residentes que incluso conviven con los pacientes d\u00eda a d\u00eda<\/p>\n","protected":false},"excerpt":{"rendered":"<p>El jefe de la C\u00e1tedra de Pediatr\u00eda del Hospital de Cl\u00ednicas, Dr. Hassel Jimmy Jim\u00e9nez Rol\u00f3n encabez\u00f3 una comitiva de m\u00e9dicos y residentes del bloque de Pediatr\u00eda del Hospital de&hellip; <\/p>\n","protected":false},"author":1,"featured_media":69121,"comment_status":"closed","ping_status":"open","sticky":false,"template":"","format":"standard","meta":{"sfsi_plus_gutenberg_text_before_share":"","sfsi_plus_gutenberg_show_text_before_share":"","sfsi_plus_gutenberg_icon_type":"","sfsi_plus_gutenberg_icon_alignemt":"","sfsi_plus_gutenburg_max_per_row":"","footnotes":"","_jetpack_memberships_contains_paid_content":false,"jetpack_publicize_message":"","jetpack_publicize_feature_enabled":true,"jetpack_social_post_already_shared":true,"jetpack_social_options":{"image_generator_settings":{"template":"highway","enabled":false},"version":2}},"categories":[3],"tags":[],"jetpack_publicize_connections":[],"jetpack_sharing_enabled":true,"jetpack_featured_media_url":"https:\/\/agendaparaguay.com\/v2\/wp-content\/uploads\/2024\/11\/dr_jimenez.jpg","_links":{"self":[{"href":"https:\/\/agendaparaguay.com\/v2\/wp-json\/wp\/v2\/posts\/69120"}],"collection":[{"href":"https:\/\/agendaparaguay.com\/v2\/wp-json\/wp\/v2\/posts"}],"about":[{"href":"https:\/\/agendaparaguay.com\/v2\/wp-json\/wp\/v2\/types\/post"}],"author":[{"embeddable":true,"href":"https:\/\/agendaparaguay.com\/v2\/wp-json\/wp\/v2\/users\/1"}],"replies":[{"embeddable":true,"href":"https:\/\/agendaparaguay.com\/v2\/wp-json\/wp\/v2\/comments?post=69120"}],"version-history":[{"count":1,"href":"https:\/\/agendaparaguay.com\/v2\/wp-json\/wp\/v2\/posts\/69120\/revisions"}],"predecessor-version":[{"id":69122,"href":"https:\/\/agendaparaguay.com\/v2\/wp-json\/wp\/v2\/posts\/69120\/revisions\/69122"}],"wp:featuredmedia":[{"embeddable":true,"href":"https:\/\/agendaparaguay.com\/v2\/wp-json\/wp\/v2\/media\/69121"}],"wp:attachment":[{"href":"https:\/\/agendaparaguay.com\/v2\/wp-json\/wp\/v2\/media?parent=69120"}],"wp:term":[{"taxonomy":"category","embeddable":true,"href":"https:\/\/agendaparaguay.com\/v2\/wp-json\/wp\/v2\/categories?post=69120"},{"taxonomy":"post_tag","embeddable":true,"href":"https:\/\/agendaparaguay.com\/v2\/wp-json\/wp\/v2\/tags?post=69120"}],"curies":[{"name":"wp","href":"https:\/\/api.w.org\/{rel}","templated":true}]}}