{"id":69138,"date":"2024-11-26T10:59:29","date_gmt":"2024-11-26T13:59:29","guid":{"rendered":"https:\/\/agendaparaguay.com\/v2\/?p=69138"},"modified":"2024-11-26T13:13:05","modified_gmt":"2024-11-26T16:13:05","slug":"anuncian-obras-de-refaccion-en-el-edificio-del-congreso","status":"publish","type":"post","link":"https:\/\/agendaparaguay.com\/v2\/2024\/11\/26\/anuncian-obras-de-refaccion-en-el-edificio-del-congreso\/","title":{"rendered":"Anuncian obras de refacci\u00f3n en el edificio del Congreso"},"content":{"rendered":"<p style=\"text-align: justify;\">Un total de G. 3.637 millones invertir\u00e1 el Congreso Nacional en las obras de refacci\u00f3n, ampliaci\u00f3n y reacondicionamiento del edificio legislativo inform\u00f3 el presidente del Senado, Basilio N\u00fa\u00f1ez quien aclar\u00f3 que el vallado que construyen en el acceso es al solo efecto de separar y proteger la zona de obras que tendr\u00e1 una duraci\u00f3n de 7 meses aproximadamente.<!--more--><\/p>\n<p style=\"text-align: justify;\">Las obras incluyen en reacondicionamiento del Hall Central, oficinas de atenci\u00f3n al p\u00fablico, seguridad, control, mesa de entrada, identificaciones, oficinas de enlace entre otros, inform\u00f3 el titular de la c\u00e1mara alta.<\/p>\n<p style=\"text-align: justify;\">N\u00fa\u00f1ez mencion\u00f3 adem\u00e1s que construir\u00e1n oficinas para comisiones asesoras que hoy no cuentan con espacios destinados para su funcionamiento, as\u00ed como bancadas parlamentarias y direcciones administrativas, que estar\u00e1n ubicados en el cuarto piso del edificio del Legislativo.<\/p>\n<p style=\"text-align: justify;\">La construcci\u00f3n en la zona de acceso ser\u00e1 construida en base de estructuras met\u00e1licas, fachadas vidriadas, techo met\u00e1lico con aislaci\u00f3n termoac\u00fastica y p\u00f3rtico de acceso principal.<\/p>\n","protected":false},"excerpt":{"rendered":"<p>Un total de G. 3.637 millones invertir\u00e1 el Congreso Nacional en las obras de refacci\u00f3n, ampliaci\u00f3n y reacondicionamiento del edificio legislativo inform\u00f3 el presidente del Senado, Basilio N\u00fa\u00f1ez quien aclar\u00f3&hellip; <\/p>\n","protected":false},"author":1,"featured_media":69139,"comment_status":"closed","ping_status":"open","sticky":false,"template":"","format":"standard","meta":{"sfsi_plus_gutenberg_text_before_share":"","sfsi_plus_gutenberg_show_text_before_share":"","sfsi_plus_gutenberg_icon_type":"","sfsi_plus_gutenberg_icon_alignemt":"","sfsi_plus_gutenburg_max_per_row":"","footnotes":"","_jetpack_memberships_contains_paid_content":false,"jetpack_publicize_message":"","jetpack_publicize_feature_enabled":true,"jetpack_social_post_already_shared":true,"jetpack_social_options":{"image_generator_settings":{"template":"highway","enabled":false},"version":2}},"categories":[3],"tags":[],"jetpack_publicize_connections":[],"jetpack_sharing_enabled":true,"jetpack_featured_media_url":"https:\/\/agendaparaguay.com\/v2\/wp-content\/uploads\/2024\/11\/fachada_nueva_congreso.jpg","_links":{"self":[{"href":"https:\/\/agendaparaguay.com\/v2\/wp-json\/wp\/v2\/posts\/69138"}],"collection":[{"href":"https:\/\/agendaparaguay.com\/v2\/wp-json\/wp\/v2\/posts"}],"about":[{"href":"https:\/\/agendaparaguay.com\/v2\/wp-json\/wp\/v2\/types\/post"}],"author":[{"embeddable":true,"href":"https:\/\/agendaparaguay.com\/v2\/wp-json\/wp\/v2\/users\/1"}],"replies":[{"embeddable":true,"href":"https:\/\/agendaparaguay.com\/v2\/wp-json\/wp\/v2\/comments?post=69138"}],"version-history":[{"count":1,"href":"https:\/\/agendaparaguay.com\/v2\/wp-json\/wp\/v2\/posts\/69138\/revisions"}],"predecessor-version":[{"id":69140,"href":"https:\/\/agendaparaguay.com\/v2\/wp-json\/wp\/v2\/posts\/69138\/revisions\/69140"}],"wp:featuredmedia":[{"embeddable":true,"href":"https:\/\/agendaparaguay.com\/v2\/wp-json\/wp\/v2\/media\/69139"}],"wp:attachment":[{"href":"https:\/\/agendaparaguay.com\/v2\/wp-json\/wp\/v2\/media?parent=69138"}],"wp:term":[{"taxonomy":"category","embeddable":true,"href":"https:\/\/agendaparaguay.com\/v2\/wp-json\/wp\/v2\/categories?post=69138"},{"taxonomy":"post_tag","embeddable":true,"href":"https:\/\/agendaparaguay.com\/v2\/wp-json\/wp\/v2\/tags?post=69138"}],"curies":[{"name":"wp","href":"https:\/\/api.w.org\/{rel}","templated":true}]}}