{"id":69402,"date":"2024-12-05T14:50:53","date_gmt":"2024-12-05T17:50:53","guid":{"rendered":"https:\/\/agendaparaguay.com\/v2\/?p=69402"},"modified":"2024-12-05T21:29:02","modified_gmt":"2024-12-06T00:29:02","slug":"paraguay-asume-la-presidencia-alterna-del-parlatino-en-su-60-aniversario","status":"publish","type":"post","link":"https:\/\/agendaparaguay.com\/v2\/2024\/12\/05\/paraguay-asume-la-presidencia-alterna-del-parlatino-en-su-60-aniversario\/","title":{"rendered":"Paraguay asume la presidencia alterna del Parlatino en su 60 Aniversario"},"content":{"rendered":"<p style=\"text-align: justify;\">En el marco de la 38\u00aa Asamblea del Parlamento Latinoamericano y Caribe\u00f1o (Parlatino), se ha llevado a cabo la elecci\u00f3n de la nueva mesa directiva para el periodo 2025-2027. En esta ocasi\u00f3n, Paraguay ha logrado una destacada posici\u00f3n al obtener la presidencia alterna, que ser\u00e1 ocupada por el Diputado Carlos N\u00fa\u00f1ez Salinas.<!--more--><\/p>\n<p style=\"text-align: justify;\">Este importante nombramiento no solo resalta el compromiso de Paraguay con la integraci\u00f3n y cooperaci\u00f3n regional, sino que tambi\u00e9n ofrece una plataforma para abordar temas cruciales que afectan a nuestros pa\u00edses. La elecci\u00f3n se celebra en un momento significativo, ya que coincide con el 60 aniversario del Parlatino, una instituci\u00f3n que ha trabajado incansablemente por la unidad y el desarrollo de Am\u00e9rica Latina y el Caribe.<\/p>\n<p style=\"text-align: justify;\">El Diputado N\u00fa\u00f1ez Salinas ha expresado su entusiasmo por asumir este nuevo rol y su compromiso de trabajar en conjunto con los dem\u00e1s miembros para fortalecer los lazos entre las naciones de la regi\u00f3n. Este es un paso importante para Paraguay, que busca contribuir activamente a la construcci\u00f3n de un futuro m\u00e1s pr\u00f3spero y colaborativo para todos.<\/p>\n","protected":false},"excerpt":{"rendered":"<p>En el marco de la 38\u00aa Asamblea del Parlamento Latinoamericano y Caribe\u00f1o (Parlatino), se ha llevado a cabo la elecci\u00f3n de la nueva mesa directiva para el periodo 2025-2027. En&hellip; <\/p>\n","protected":false},"author":1,"featured_media":69403,"comment_status":"closed","ping_status":"open","sticky":false,"template":"","format":"standard","meta":{"sfsi_plus_gutenberg_text_before_share":"","sfsi_plus_gutenberg_show_text_before_share":"","sfsi_plus_gutenberg_icon_type":"","sfsi_plus_gutenberg_icon_alignemt":"","sfsi_plus_gutenburg_max_per_row":"","footnotes":"","_jetpack_memberships_contains_paid_content":false,"jetpack_publicize_message":"","jetpack_publicize_feature_enabled":true,"jetpack_social_post_already_shared":true,"jetpack_social_options":{"image_generator_settings":{"template":"highway","enabled":false},"version":2}},"categories":[4],"tags":[],"jetpack_publicize_connections":[],"jetpack_sharing_enabled":true,"jetpack_featured_media_url":"https:\/\/agendaparaguay.com\/v2\/wp-content\/uploads\/2024\/12\/parlatino_carlos_nunez.jpg","_links":{"self":[{"href":"https:\/\/agendaparaguay.com\/v2\/wp-json\/wp\/v2\/posts\/69402"}],"collection":[{"href":"https:\/\/agendaparaguay.com\/v2\/wp-json\/wp\/v2\/posts"}],"about":[{"href":"https:\/\/agendaparaguay.com\/v2\/wp-json\/wp\/v2\/types\/post"}],"author":[{"embeddable":true,"href":"https:\/\/agendaparaguay.com\/v2\/wp-json\/wp\/v2\/users\/1"}],"replies":[{"embeddable":true,"href":"https:\/\/agendaparaguay.com\/v2\/wp-json\/wp\/v2\/comments?post=69402"}],"version-history":[{"count":1,"href":"https:\/\/agendaparaguay.com\/v2\/wp-json\/wp\/v2\/posts\/69402\/revisions"}],"predecessor-version":[{"id":69404,"href":"https:\/\/agendaparaguay.com\/v2\/wp-json\/wp\/v2\/posts\/69402\/revisions\/69404"}],"wp:featuredmedia":[{"embeddable":true,"href":"https:\/\/agendaparaguay.com\/v2\/wp-json\/wp\/v2\/media\/69403"}],"wp:attachment":[{"href":"https:\/\/agendaparaguay.com\/v2\/wp-json\/wp\/v2\/media?parent=69402"}],"wp:term":[{"taxonomy":"category","embeddable":true,"href":"https:\/\/agendaparaguay.com\/v2\/wp-json\/wp\/v2\/categories?post=69402"},{"taxonomy":"post_tag","embeddable":true,"href":"https:\/\/agendaparaguay.com\/v2\/wp-json\/wp\/v2\/tags?post=69402"}],"curies":[{"name":"wp","href":"https:\/\/api.w.org\/{rel}","templated":true}]}}