{"id":69469,"date":"2024-12-09T12:23:25","date_gmt":"2024-12-09T15:23:25","guid":{"rendered":"https:\/\/agendaparaguay.com\/v2\/?p=69469"},"modified":"2024-12-09T12:23:25","modified_gmt":"2024-12-09T15:23:25","slug":"dos-menores-profugos-fueron-recapturados-y-volvieron-al-correccional-de-itaugua","status":"publish","type":"post","link":"https:\/\/agendaparaguay.com\/v2\/2024\/12\/09\/dos-menores-profugos-fueron-recapturados-y-volvieron-al-correccional-de-itaugua\/","title":{"rendered":"Dos menores pr\u00f3fugos fueron recapturados y volvieron al correccional de Itaugu\u00e1"},"content":{"rendered":"<p style=\"text-align: justify;\">Dos adolescentes en conflicto con la ley penal que en la v\u00edspera lograron eludir el control perimetral y salir fuera del recinto del Centro Educativo Itaugu\u00e1 (CEI) ya fueron recapturados y est\u00e1n de vuelta en el centro educativo. Tras la fuga, una r\u00e1pida b\u00fasqueda logr\u00f3 la recaptura de ambos pr\u00f3fugos.<!--more--><\/p>\n<p style=\"text-align: justify;\">La fuga se concret\u00f3 cerca de la 14:00 horas, mientras un tercero no logr\u00f3 atravesar el cerco.<\/p>\n<p style=\"text-align: justify;\">Luego que los responsables del CEI se percataron de la ausencia de los adolescentes, se orden\u00f3 un intenso trabajo de b\u00fasqueda por parte de los funcionarios de seguridad del CEI y la Polic\u00eda Nacional.<\/p>\n<p style=\"text-align: justify;\">Cabe destacar la ayuda que signific\u00f3 la alerta de los mismos familiares y, en consecuencia, la r\u00e1pida reacci\u00f3n de los funcionarios que permiti\u00f3 devolver a los adolescentes al CEI en poco tiempo.<\/p>\n","protected":false},"excerpt":{"rendered":"<p>Dos adolescentes en conflicto con la ley penal que en la v\u00edspera lograron eludir el control perimetral y salir fuera del recinto del Centro Educativo Itaugu\u00e1 (CEI) ya fueron recapturados&hellip; <\/p>\n","protected":false},"author":1,"featured_media":69470,"comment_status":"closed","ping_status":"open","sticky":false,"template":"","format":"standard","meta":{"sfsi_plus_gutenberg_text_before_share":"","sfsi_plus_gutenberg_show_text_before_share":"","sfsi_plus_gutenberg_icon_type":"","sfsi_plus_gutenberg_icon_alignemt":"","sfsi_plus_gutenburg_max_per_row":"","footnotes":"","_jetpack_memberships_contains_paid_content":false,"jetpack_publicize_message":"","jetpack_publicize_feature_enabled":true,"jetpack_social_post_already_shared":true,"jetpack_social_options":{"image_generator_settings":{"template":"highway","enabled":false},"version":2}},"categories":[5],"tags":[],"jetpack_publicize_connections":[],"jetpack_sharing_enabled":true,"jetpack_featured_media_url":"https:\/\/agendaparaguay.com\/v2\/wp-content\/uploads\/2024\/12\/centro_educativo_integral_itaugua.jpeg","_links":{"self":[{"href":"https:\/\/agendaparaguay.com\/v2\/wp-json\/wp\/v2\/posts\/69469"}],"collection":[{"href":"https:\/\/agendaparaguay.com\/v2\/wp-json\/wp\/v2\/posts"}],"about":[{"href":"https:\/\/agendaparaguay.com\/v2\/wp-json\/wp\/v2\/types\/post"}],"author":[{"embeddable":true,"href":"https:\/\/agendaparaguay.com\/v2\/wp-json\/wp\/v2\/users\/1"}],"replies":[{"embeddable":true,"href":"https:\/\/agendaparaguay.com\/v2\/wp-json\/wp\/v2\/comments?post=69469"}],"version-history":[{"count":1,"href":"https:\/\/agendaparaguay.com\/v2\/wp-json\/wp\/v2\/posts\/69469\/revisions"}],"predecessor-version":[{"id":69471,"href":"https:\/\/agendaparaguay.com\/v2\/wp-json\/wp\/v2\/posts\/69469\/revisions\/69471"}],"wp:featuredmedia":[{"embeddable":true,"href":"https:\/\/agendaparaguay.com\/v2\/wp-json\/wp\/v2\/media\/69470"}],"wp:attachment":[{"href":"https:\/\/agendaparaguay.com\/v2\/wp-json\/wp\/v2\/media?parent=69469"}],"wp:term":[{"taxonomy":"category","embeddable":true,"href":"https:\/\/agendaparaguay.com\/v2\/wp-json\/wp\/v2\/categories?post=69469"},{"taxonomy":"post_tag","embeddable":true,"href":"https:\/\/agendaparaguay.com\/v2\/wp-json\/wp\/v2\/tags?post=69469"}],"curies":[{"name":"wp","href":"https:\/\/api.w.org\/{rel}","templated":true}]}}